{"id":9717,"date":"2020-03-22T10:47:49","date_gmt":"2020-03-22T09:47:49","guid":{"rendered":"http:\/\/www.gymnasium-schkeuditz.de\/?p=9717"},"modified":"2020-03-22T10:47:49","modified_gmt":"2020-03-22T09:47:49","slug":"lehrer-bei-der-arbeit","status":"publish","type":"post","link":"https:\/\/www.gymnasium-schkeuditz.de\/?p=9717","title":{"rendered":"Lehrer bei der Arbeit"},"content":{"rendered":"\n<p>Liebe Sch\u00fclerinnen und Sch\u00fcler, liebe Eltern, auch wenn die kommenden Wochen unseren Alltag ver\u00e4ndern und wir vor neuen schweren Herausforderungen stehen, m\u00f6chten die Schulleitung und das Kollegium ihr Bestm\u00f6gliches tun, Sie dabei zu unterst\u00fctzen. Die Lehrerinnen und Lehrer des Gymnasiums Schkeuditz werden auch in der Zukunft f\u00fcr und mit euch \/Ihnen den Unterricht online gestalten und stehen euch\/ Ihnen&nbsp;f\u00fcr Fragen und Anregungen jederzeit zur Verf\u00fcgung.&nbsp;<\/p>\n\n\n\n<p>Bleiben Sie \/ bleibt gesund und munter!<\/p>\n\n\n\n<figure class=\"wp-block-image\"><img decoding=\"async\" src=\"https:\/\/www.gymnasium-schkeuditz.de\/wp-content\/uploads\/2020\/03\/Lehrer-bei-der-Arbeit2-981x1030.jpg\" alt=\"\" class=\"wp-image-9718\"\/><\/figure>\n","protected":false},"excerpt":{"rendered":"<p>Liebe Sch\u00fclerinnen und Sch\u00fcler, liebe Eltern, auch wenn die kommenden Wochen unseren Alltag ver\u00e4ndern und wir vor neuen schweren Herausforderungen stehen, m\u00f6chten die Schulleitung und das Kollegium ihr Bestm\u00f6gliches tun, Sie dabei zu unterst\u00fctzen. Die Lehrerinnen und Lehrer des Gymnasiums Schkeuditz werden auch in der Zukunft f\u00fcr und mit euch \/Ihnen den Unterricht online gestalten und stehen euch\/ Ihnen&nbsp;f\u00fcr Fragen [&hellip;]<\/p>\n","protected":false},"author":2,"featured_media":9722,"comment_status":"closed","ping_status":"closed","sticky":false,"template":"","format":"standard","meta":{"footnotes":""},"categories":[1,15,7,11,25],"tags":[],"class_list":["post-9717","post","type-post","status-publish","format-standard","has-post-thumbnail","hentry","category-aktuelles","category-allgemein","category-archiv","category-lehrerinterviews","category-schuljahr2019-20"],"_links":{"self":[{"href":"https:\/\/www.gymnasium-schkeuditz.de\/index.php?rest_route=\/wp\/v2\/posts\/9717","targetHints":{"allow":["GET"]}}],"collection":[{"href":"https:\/\/www.gymnasium-schkeuditz.de\/index.php?rest_route=\/wp\/v2\/posts"}],"about":[{"href":"https:\/\/www.gymnasium-schkeuditz.de\/index.php?rest_route=\/wp\/v2\/types\/post"}],"author":[{"embeddable":true,"href":"https:\/\/www.gymnasium-schkeuditz.de\/index.php?rest_route=\/wp\/v2\/users\/2"}],"replies":[{"embeddable":true,"href":"https:\/\/www.gymnasium-schkeuditz.de\/index.php?rest_route=%2Fwp%2Fv2%2Fcomments&post=9717"}],"version-history":[{"count":0,"href":"https:\/\/www.gymnasium-schkeuditz.de\/index.php?rest_route=\/wp\/v2\/posts\/9717\/revisions"}],"wp:featuredmedia":[{"embeddable":true,"href":"https:\/\/www.gymnasium-schkeuditz.de\/index.php?rest_route=\/wp\/v2\/media\/9722"}],"wp:attachment":[{"href":"https:\/\/www.gymnasium-schkeuditz.de\/index.php?rest_route=%2Fwp%2Fv2%2Fmedia&parent=9717"}],"wp:term":[{"taxonomy":"category","embeddable":true,"href":"https:\/\/www.gymnasium-schkeuditz.de\/index.php?rest_route=%2Fwp%2Fv2%2Fcategories&post=9717"},{"taxonomy":"post_tag","embeddable":true,"href":"https:\/\/www.gymnasium-schkeuditz.de\/index.php?rest_route=%2Fwp%2Fv2%2Ftags&post=9717"}],"curies":[{"name":"wp","href":"https:\/\/api.w.org\/{rel}","templated":true}]}}