{"id":8751,"date":"2019-06-23T17:07:29","date_gmt":"2019-06-23T15:07:29","guid":{"rendered":"http:\/\/www.gymnasium-schkeuditz.de\/?p=8751"},"modified":"2019-06-23T17:07:29","modified_gmt":"2019-06-23T15:07:29","slug":"bei-schoenem-wetter-kann-jeder-raften","status":"publish","type":"post","link":"https:\/\/www.gymnasium-schkeuditz.de\/?p=8751","title":{"rendered":"Bei sch\u00f6nem Wetter kann jeder raften!"},"content":{"rendered":"\n<p><\/p>\n\n\n\n<p>Am 16.5.2019 machten sich 14 Sch\u00fcler und Sch\u00fclerinnen der 9b und 9c des Gymnasiums Schkeuditz auf den Weg nach Markleeberg. Beim diesj\u00e4hrigen MITGAS Sch\u00fcler-Rafting sind unsere zwei Teams gegen 10 weitere Sch\u00fclermannschaften des Landkreises Nordsachsen angetreten.&nbsp;<\/p>\n\n\n\n<p>Von den kalten zehn Grad und anhaltendem Nieselregen lie\u00df sich jedoch keiner abschrecken, denn bei sch\u00f6nem Wetter kann schlie\u00dflich jeder raften. Nach einer ausf\u00fchrlichen Einweisung und \u00dcbungsphase durch die Guides vor Ort trauten sich alle Sch\u00fcler und Sch\u00fclerinnen mit entsprechender Neoprenkleidung in die Boote. Zuerst wurden die schnellsten Teams ermittelt. Hier erreichten die \u201eWellenreiter\u201c des Gymnasiums Schkeuditz einen hervorragenden zweiten Platz und die \u201eWellenbrecher\u201c einen guten f\u00fcnften Platz.&nbsp;<\/p>\n\n\n\n<p>Nun stand der entscheidende Wettkampf im KO-System an. Alle Mannschaften gaben noch einmal ihr Bestes. W\u00e4hrend sich die \u201eWellenreiter\u201c in ihrem ersten Duell leider knapp geschlagen geben mussten, konnten die \u201eWellenbrecher\u201c ihres f\u00fcr sich entscheiden. Am Ende konnten sie einen f\u00fcnften Platz herausfahren. Auch die \u201eWellenreiter\u201c lie\u00dfen sich von diesem kleinen R\u00fcckschlag nicht demotivieren und schlossen den Tag mit einem guten siebten Platz in der Gesamtwertung ab.&nbsp;<\/p>\n\n\n\n<p>Obwohl sich die Schkeuditzer Mannschaften leider nicht f\u00fcr das Landesfinale qualifizieren konnten, hatten sie doch einen sportlichen und lustigen Tag im Kanupark Markleeberg. Sollte MITGAS im n\u00e4chsten Jahr erneut einen Rafting-Wettkampf veranstalten, wird das Gymnasiums Schkeuditz bestimmt wieder tatkr\u00e4ftig vertreten sein, dann hoffentlich auch mit besserer Wetterlage.<\/p>\n\n\n\n<p>A. Zechel, A. Eichst\u00e4dt<\/p>\n\n\n\n<ul class=\"wp-block-gallery columns-2 is-cropped wp-block-gallery-1 is-layout-flex wp-block-gallery-is-layout-flex\"><li class=\"blocks-gallery-item\"><figure><img decoding=\"async\" src=\"https:\/\/www.gymnasium-schkeuditz.de\/wp-content\/uploads\/2019\/06\/Foto-16.05.19-13-40-05-1-e1561302330740-1030x773.jpg\" alt=\"\" data-id=\"8755\" data-link=\"https:\/\/www.gymnasium-schkeuditz.de\/?attachment_id=8755\" class=\"wp-image-8755\"\/><\/figure><\/li><li class=\"blocks-gallery-item\"><figure><img decoding=\"async\" src=\"https:\/\/www.gymnasium-schkeuditz.de\/wp-content\/uploads\/2019\/06\/Foto-16.05.19-11-33-31-1030x773.jpg\" alt=\"\" data-id=\"8754\" data-link=\"https:\/\/www.gymnasium-schkeuditz.de\/?attachment_id=8754\" class=\"wp-image-8754\"\/><\/figure><\/li><li class=\"blocks-gallery-item\"><figure><img decoding=\"async\" src=\"https:\/\/www.gymnasium-schkeuditz.de\/wp-content\/uploads\/2019\/06\/Foto-16.05.19-11-31-08-e1561302372767-1030x773.jpg\" alt=\"\" data-id=\"8753\" data-link=\"https:\/\/www.gymnasium-schkeuditz.de\/?attachment_id=8753\" class=\"wp-image-8753\"\/><\/figure><\/li><li class=\"blocks-gallery-item\"><figure><img decoding=\"async\" src=\"https:\/\/www.gymnasium-schkeuditz.de\/wp-content\/uploads\/2019\/06\/Foto-16.05.19-09-35-58-1030x773.jpg\" alt=\"\" data-id=\"8752\" data-link=\"https:\/\/www.gymnasium-schkeuditz.de\/?attachment_id=8752\" class=\"wp-image-8752\"\/><\/figure><\/li><\/ul>\n","protected":false},"excerpt":{"rendered":"<p>Am 16.5.2019 machten sich 14 Sch\u00fcler und Sch\u00fclerinnen der 9b und 9c des Gymnasiums Schkeuditz auf den Weg nach Markleeberg. Beim diesj\u00e4hrigen MITGAS Sch\u00fcler-Rafting sind unsere zwei Teams gegen 10 weitere Sch\u00fclermannschaften des Landkreises Nordsachsen angetreten.&nbsp; Von den kalten zehn Grad und anhaltendem Nieselregen lie\u00df sich jedoch keiner abschrecken, denn bei sch\u00f6nem Wetter kann schlie\u00dflich jeder raften. Nach einer ausf\u00fchrlichen [&hellip;]<\/p>\n","protected":false},"author":2,"featured_media":8755,"comment_status":"closed","ping_status":"closed","sticky":false,"template":"","format":"standard","meta":{"footnotes":""},"categories":[1,15,7,17,19,24,13],"tags":[],"class_list":["post-8751","post","type-post","status-publish","format-standard","has-post-thumbnail","hentry","category-aktuelles","category-allgemein","category-archiv","category-exkursionen","category-projekte","category-schuljahr2018-19","category-sport"],"_links":{"self":[{"href":"https:\/\/www.gymnasium-schkeuditz.de\/index.php?rest_route=\/wp\/v2\/posts\/8751","targetHints":{"allow":["GET"]}}],"collection":[{"href":"https:\/\/www.gymnasium-schkeuditz.de\/index.php?rest_route=\/wp\/v2\/posts"}],"about":[{"href":"https:\/\/www.gymnasium-schkeuditz.de\/index.php?rest_route=\/wp\/v2\/types\/post"}],"author":[{"embeddable":true,"href":"https:\/\/www.gymnasium-schkeuditz.de\/index.php?rest_route=\/wp\/v2\/users\/2"}],"replies":[{"embeddable":true,"href":"https:\/\/www.gymnasium-schkeuditz.de\/index.php?rest_route=%2Fwp%2Fv2%2Fcomments&post=8751"}],"version-history":[{"count":0,"href":"https:\/\/www.gymnasium-schkeuditz.de\/index.php?rest_route=\/wp\/v2\/posts\/8751\/revisions"}],"wp:featuredmedia":[{"embeddable":true,"href":"https:\/\/www.gymnasium-schkeuditz.de\/index.php?rest_route=\/wp\/v2\/media\/8755"}],"wp:attachment":[{"href":"https:\/\/www.gymnasium-schkeuditz.de\/index.php?rest_route=%2Fwp%2Fv2%2Fmedia&parent=8751"}],"wp:term":[{"taxonomy":"category","embeddable":true,"href":"https:\/\/www.gymnasium-schkeuditz.de\/index.php?rest_route=%2Fwp%2Fv2%2Fcategories&post=8751"},{"taxonomy":"post_tag","embeddable":true,"href":"https:\/\/www.gymnasium-schkeuditz.de\/index.php?rest_route=%2Fwp%2Fv2%2Ftags&post=8751"}],"curies":[{"name":"wp","href":"https:\/\/api.w.org\/{rel}","templated":true}]}}