{"id":13259,"date":"2026-01-26T20:47:05","date_gmt":"2026-01-26T19:47:05","guid":{"rendered":"https:\/\/www.gymnasium-schkeuditz.de\/?p=13259"},"modified":"2026-01-26T20:48:56","modified_gmt":"2026-01-26T19:48:56","slug":"ein-volles-haus-und-eine-weltpremiere","status":"publish","type":"post","link":"https:\/\/www.gymnasium-schkeuditz.de\/?p=13259","title":{"rendered":"Ein volles Haus und eine Weltpremiere"},"content":{"rendered":"\n<p>Am 23.01.2026 fand wieder der Tag der offenen T\u00fcr im Maria-Merian-Gymnasium statt, der, wie auch schon in den vorangegangenen Jahren, sehr gut besucht war.<\/p>\n\n\n\n<p>Zun\u00e4chst wurden alle G\u00e4ste in die Mensa geladen, um die \u201eWeltpremiere\u201c des\u00a0\u00a0<a href=\"https:\/\/www.youtube.com\/watch?v=ppl_e7G_sxY&amp;list=RDppl_e7G_sxY&amp;start_radio=1\">Imagefilms unseres Gymnasiums<\/a> zu erleben und somit einen kleinen Einblick in unser Schulleben erhalten zu k\u00f6nnen.\u00a0<\/p>\n\n\n\n<p>Im Anschluss haben unsere G\u00e4ste das Schulhaus erkundet und sich verschiedene R\u00e4ume angesehen, die je nach Fach besonders gestaltet wurden. In jedem von ihnen gab es fachspezifisch zahlreiche kreative M\u00f6glichkeiten, R\u00e4tsel und Spiele f\u00fcr die Kinder zum Ausprobieren.&nbsp;<\/p>\n\n\n\n<p>Auch dieses Mal haben sich wieder viele Sch\u00fcler aller Klassenstufen und Lehrer daran beteiligt, diesen besonderen Tag und die angebotenen Aktivit\u00e4ten zu gestalten sowie die Fragen der interessierten Eltern und Sch\u00fcler zu beantworten.&nbsp;<\/p>\n\n\n\n<p>F\u00fcr die Verpflegung sorgte die Klassenstufe 11 \u2013 die Einnahmen kommen der Abikasse zugute.<\/p>\n\n\n\n<p>Allen Sch\u00fclern, Lehrern und Eltern danken wir f\u00fcr diese sch\u00f6nen Schulmomente an einem Freitagnachmittag!<\/p>\n\n\n\n<p>Michelle J\u00fcrgens, 10a<\/p>\n\n\n\n<figure class=\"wp-block-gallery has-nested-images columns-default is-cropped wp-block-gallery-1 is-layout-flex wp-block-gallery-is-layout-flex\">\n<figure class=\"wp-block-image size-large\"><img loading=\"lazy\" decoding=\"async\" width=\"640\" height=\"480\" data-id=\"13260\" src=\"https:\/\/www.gymnasium-schkeuditz.de\/wp-content\/uploads\/2026\/01\/bb409481-8660-4dbd-b6f3-10eb7c457df7.jpg\" alt=\"\" class=\"wp-image-13260\" srcset=\"https:\/\/www.gymnasium-schkeuditz.de\/wp-content\/uploads\/2026\/01\/bb409481-8660-4dbd-b6f3-10eb7c457df7.jpg 640w, https:\/\/www.gymnasium-schkeuditz.de\/wp-content\/uploads\/2026\/01\/bb409481-8660-4dbd-b6f3-10eb7c457df7-300x225.jpg 300w\" sizes=\"auto, (max-width: 640px) 100vw, 640px\" \/><\/figure>\n\n\n\n<figure class=\"wp-block-image size-large\"><img loading=\"lazy\" decoding=\"async\" width=\"640\" height=\"480\" data-id=\"13261\" src=\"https:\/\/www.gymnasium-schkeuditz.de\/wp-content\/uploads\/2026\/01\/e5ea67e6-7995-46a9-979f-043911c278b6.jpg\" alt=\"\" class=\"wp-image-13261\" srcset=\"https:\/\/www.gymnasium-schkeuditz.de\/wp-content\/uploads\/2026\/01\/e5ea67e6-7995-46a9-979f-043911c278b6.jpg 640w, https:\/\/www.gymnasium-schkeuditz.de\/wp-content\/uploads\/2026\/01\/e5ea67e6-7995-46a9-979f-043911c278b6-300x225.jpg 300w\" sizes=\"auto, (max-width: 640px) 100vw, 640px\" \/><\/figure>\n\n\n\n<figure class=\"wp-block-image size-large\"><img loading=\"lazy\" decoding=\"async\" width=\"640\" height=\"480\" data-id=\"13263\" src=\"https:\/\/www.gymnasium-schkeuditz.de\/wp-content\/uploads\/2026\/01\/IMG_8964.jpeg\" alt=\"\" class=\"wp-image-13263\" srcset=\"https:\/\/www.gymnasium-schkeuditz.de\/wp-content\/uploads\/2026\/01\/IMG_8964.jpeg 640w, https:\/\/www.gymnasium-schkeuditz.de\/wp-content\/uploads\/2026\/01\/IMG_8964-300x225.jpeg 300w\" sizes=\"auto, (max-width: 640px) 100vw, 640px\" \/><\/figure>\n\n\n\n<figure class=\"wp-block-image size-large\"><img loading=\"lazy\" decoding=\"async\" width=\"640\" height=\"480\" data-id=\"13264\" src=\"https:\/\/www.gymnasium-schkeuditz.de\/wp-content\/uploads\/2026\/01\/IMG_8965.jpeg\" alt=\"\" class=\"wp-image-13264\" srcset=\"https:\/\/www.gymnasium-schkeuditz.de\/wp-content\/uploads\/2026\/01\/IMG_8965.jpeg 640w, https:\/\/www.gymnasium-schkeuditz.de\/wp-content\/uploads\/2026\/01\/IMG_8965-300x225.jpeg 300w\" sizes=\"auto, (max-width: 640px) 100vw, 640px\" \/><\/figure>\n\n\n\n<figure class=\"wp-block-image size-large\"><img loading=\"lazy\" decoding=\"async\" width=\"640\" height=\"480\" data-id=\"13262\" src=\"https:\/\/www.gymnasium-schkeuditz.de\/wp-content\/uploads\/2026\/01\/IMG_8966.jpeg\" alt=\"\" class=\"wp-image-13262\" srcset=\"https:\/\/www.gymnasium-schkeuditz.de\/wp-content\/uploads\/2026\/01\/IMG_8966.jpeg 640w, https:\/\/www.gymnasium-schkeuditz.de\/wp-content\/uploads\/2026\/01\/IMG_8966-300x225.jpeg 300w\" sizes=\"auto, (max-width: 640px) 100vw, 640px\" \/><\/figure>\n\n\n\n<figure class=\"wp-block-image size-large\"><img loading=\"lazy\" decoding=\"async\" width=\"640\" height=\"480\" data-id=\"13265\" src=\"https:\/\/www.gymnasium-schkeuditz.de\/wp-content\/uploads\/2026\/01\/IMG_8967.jpeg\" alt=\"\" class=\"wp-image-13265\" srcset=\"https:\/\/www.gymnasium-schkeuditz.de\/wp-content\/uploads\/2026\/01\/IMG_8967.jpeg 640w, https:\/\/www.gymnasium-schkeuditz.de\/wp-content\/uploads\/2026\/01\/IMG_8967-300x225.jpeg 300w\" sizes=\"auto, (max-width: 640px) 100vw, 640px\" \/><\/figure>\n\n\n\n<figure class=\"wp-block-image size-large\"><img loading=\"lazy\" decoding=\"async\" width=\"640\" height=\"480\" data-id=\"13266\" src=\"https:\/\/www.gymnasium-schkeuditz.de\/wp-content\/uploads\/2026\/01\/IMG_8968.jpeg\" alt=\"\" class=\"wp-image-13266\" srcset=\"https:\/\/www.gymnasium-schkeuditz.de\/wp-content\/uploads\/2026\/01\/IMG_8968.jpeg 640w, https:\/\/www.gymnasium-schkeuditz.de\/wp-content\/uploads\/2026\/01\/IMG_8968-300x225.jpeg 300w\" sizes=\"auto, (max-width: 640px) 100vw, 640px\" \/><\/figure>\n\n\n\n<figure class=\"wp-block-image size-large\"><img loading=\"lazy\" decoding=\"async\" width=\"640\" height=\"480\" data-id=\"13267\" src=\"https:\/\/www.gymnasium-schkeuditz.de\/wp-content\/uploads\/2026\/01\/IMG_8969.jpeg\" alt=\"\" class=\"wp-image-13267\" srcset=\"https:\/\/www.gymnasium-schkeuditz.de\/wp-content\/uploads\/2026\/01\/IMG_8969.jpeg 640w, https:\/\/www.gymnasium-schkeuditz.de\/wp-content\/uploads\/2026\/01\/IMG_8969-300x225.jpeg 300w\" sizes=\"auto, (max-width: 640px) 100vw, 640px\" \/><\/figure>\n\n\n\n<figure class=\"wp-block-image size-large\"><img loading=\"lazy\" decoding=\"async\" width=\"480\" height=\"640\" data-id=\"13268\" src=\"https:\/\/www.gymnasium-schkeuditz.de\/wp-content\/uploads\/2026\/01\/IMG_8972-rotated.jpeg\" alt=\"\" class=\"wp-image-13268\" srcset=\"https:\/\/www.gymnasium-schkeuditz.de\/wp-content\/uploads\/2026\/01\/IMG_8972-rotated.jpeg 480w, https:\/\/www.gymnasium-schkeuditz.de\/wp-content\/uploads\/2026\/01\/IMG_8972-225x300.jpeg 225w\" sizes=\"auto, (max-width: 480px) 100vw, 480px\" \/><\/figure>\n\n\n\n<figure class=\"wp-block-image size-large\"><img loading=\"lazy\" decoding=\"async\" width=\"480\" height=\"640\" data-id=\"13269\" src=\"https:\/\/www.gymnasium-schkeuditz.de\/wp-content\/uploads\/2026\/01\/IMG_8973-rotated.jpeg\" alt=\"\" class=\"wp-image-13269\" srcset=\"https:\/\/www.gymnasium-schkeuditz.de\/wp-content\/uploads\/2026\/01\/IMG_8973-rotated.jpeg 480w, https:\/\/www.gymnasium-schkeuditz.de\/wp-content\/uploads\/2026\/01\/IMG_8973-225x300.jpeg 225w\" sizes=\"auto, (max-width: 480px) 100vw, 480px\" \/><\/figure>\n\n\n\n<figure class=\"wp-block-image size-large\"><img loading=\"lazy\" decoding=\"async\" width=\"640\" height=\"480\" data-id=\"13270\" src=\"https:\/\/www.gymnasium-schkeuditz.de\/wp-content\/uploads\/2026\/01\/IMG_8975.jpeg\" alt=\"\" class=\"wp-image-13270\" srcset=\"https:\/\/www.gymnasium-schkeuditz.de\/wp-content\/uploads\/2026\/01\/IMG_8975.jpeg 640w, https:\/\/www.gymnasium-schkeuditz.de\/wp-content\/uploads\/2026\/01\/IMG_8975-300x225.jpeg 300w\" sizes=\"auto, (max-width: 640px) 100vw, 640px\" \/><\/figure>\n\n\n\n<figure class=\"wp-block-image size-large\"><img loading=\"lazy\" decoding=\"async\" width=\"640\" height=\"480\" data-id=\"13271\" src=\"https:\/\/www.gymnasium-schkeuditz.de\/wp-content\/uploads\/2026\/01\/IMG_8977.jpeg\" alt=\"\" class=\"wp-image-13271\" srcset=\"https:\/\/www.gymnasium-schkeuditz.de\/wp-content\/uploads\/2026\/01\/IMG_8977.jpeg 640w, https:\/\/www.gymnasium-schkeuditz.de\/wp-content\/uploads\/2026\/01\/IMG_8977-300x225.jpeg 300w\" sizes=\"auto, (max-width: 640px) 100vw, 640px\" \/><\/figure>\n\n\n\n<figure class=\"wp-block-image size-large\"><img loading=\"lazy\" decoding=\"async\" width=\"480\" height=\"640\" data-id=\"13272\" src=\"https:\/\/www.gymnasium-schkeuditz.de\/wp-content\/uploads\/2026\/01\/IMG_8978-rotated.jpeg\" alt=\"\" class=\"wp-image-13272\" srcset=\"https:\/\/www.gymnasium-schkeuditz.de\/wp-content\/uploads\/2026\/01\/IMG_8978-rotated.jpeg 480w, https:\/\/www.gymnasium-schkeuditz.de\/wp-content\/uploads\/2026\/01\/IMG_8978-225x300.jpeg 225w\" sizes=\"auto, (max-width: 480px) 100vw, 480px\" \/><\/figure>\n\n\n\n<figure class=\"wp-block-image size-large\"><img loading=\"lazy\" decoding=\"async\" width=\"640\" height=\"480\" data-id=\"13277\" src=\"https:\/\/www.gymnasium-schkeuditz.de\/wp-content\/uploads\/2026\/01\/IMG_8979.jpeg\" alt=\"\" class=\"wp-image-13277\" srcset=\"https:\/\/www.gymnasium-schkeuditz.de\/wp-content\/uploads\/2026\/01\/IMG_8979.jpeg 640w, https:\/\/www.gymnasium-schkeuditz.de\/wp-content\/uploads\/2026\/01\/IMG_8979-300x225.jpeg 300w\" sizes=\"auto, (max-width: 640px) 100vw, 640px\" \/><\/figure>\n\n\n\n<figure class=\"wp-block-image size-large\"><img loading=\"lazy\" decoding=\"async\" width=\"480\" height=\"640\" data-id=\"13273\" src=\"https:\/\/www.gymnasium-schkeuditz.de\/wp-content\/uploads\/2026\/01\/IMG_8980-rotated.jpeg\" alt=\"\" class=\"wp-image-13273\" srcset=\"https:\/\/www.gymnasium-schkeuditz.de\/wp-content\/uploads\/2026\/01\/IMG_8980-rotated.jpeg 480w, https:\/\/www.gymnasium-schkeuditz.de\/wp-content\/uploads\/2026\/01\/IMG_8980-225x300.jpeg 225w\" sizes=\"auto, (max-width: 480px) 100vw, 480px\" \/><\/figure>\n\n\n\n<figure class=\"wp-block-image size-large\"><img loading=\"lazy\" decoding=\"async\" width=\"640\" height=\"480\" data-id=\"13274\" src=\"https:\/\/www.gymnasium-schkeuditz.de\/wp-content\/uploads\/2026\/01\/IMG_8981.jpeg\" alt=\"\" class=\"wp-image-13274\" srcset=\"https:\/\/www.gymnasium-schkeuditz.de\/wp-content\/uploads\/2026\/01\/IMG_8981.jpeg 640w, https:\/\/www.gymnasium-schkeuditz.de\/wp-content\/uploads\/2026\/01\/IMG_8981-300x225.jpeg 300w\" sizes=\"auto, (max-width: 640px) 100vw, 640px\" \/><\/figure>\n\n\n\n<figure class=\"wp-block-image size-large\"><img loading=\"lazy\" decoding=\"async\" width=\"640\" height=\"480\" data-id=\"13275\" src=\"https:\/\/www.gymnasium-schkeuditz.de\/wp-content\/uploads\/2026\/01\/IMG_8982.jpeg\" alt=\"\" class=\"wp-image-13275\" srcset=\"https:\/\/www.gymnasium-schkeuditz.de\/wp-content\/uploads\/2026\/01\/IMG_8982.jpeg 640w, https:\/\/www.gymnasium-schkeuditz.de\/wp-content\/uploads\/2026\/01\/IMG_8982-300x225.jpeg 300w\" sizes=\"auto, (max-width: 640px) 100vw, 640px\" \/><\/figure>\n\n\n\n<figure class=\"wp-block-image size-large\"><img loading=\"lazy\" decoding=\"async\" width=\"640\" height=\"480\" data-id=\"13276\" src=\"https:\/\/www.gymnasium-schkeuditz.de\/wp-content\/uploads\/2026\/01\/IMG_8983.jpeg\" alt=\"\" class=\"wp-image-13276\" srcset=\"https:\/\/www.gymnasium-schkeuditz.de\/wp-content\/uploads\/2026\/01\/IMG_8983.jpeg 640w, https:\/\/www.gymnasium-schkeuditz.de\/wp-content\/uploads\/2026\/01\/IMG_8983-300x225.jpeg 300w\" sizes=\"auto, (max-width: 640px) 100vw, 640px\" \/><\/figure>\n<\/figure>\n","protected":false},"excerpt":{"rendered":"<p>Am 23.01.2026 fand wieder der Tag der offenen T\u00fcr im Maria-Merian-Gymnasium statt, der, wie auch schon in den vorangegangenen Jahren, sehr gut besucht war. Zun\u00e4chst wurden alle G\u00e4ste in die Mensa geladen, um die \u201eWeltpremiere\u201c des\u00a0\u00a0Imagefilms unseres Gymnasiums zu erleben und somit einen kleinen Einblick in unser Schulleben erhalten zu k\u00f6nnen.\u00a0 Im Anschluss haben unsere G\u00e4ste das Schulhaus erkundet und [&hellip;]<\/p>\n","protected":false},"author":2,"featured_media":13263,"comment_status":"closed","ping_status":"","sticky":false,"template":"","format":"standard","meta":{"footnotes":""},"categories":[1,15,7,12,18,35],"tags":[],"class_list":["post-13259","post","type-post","status-publish","format-standard","has-post-thumbnail","hentry","category-aktuelles","category-allgemein","category-archiv","category-feste_traditionen","category-festetraditionen","category-schuljahr-2025-26"],"_links":{"self":[{"href":"https:\/\/www.gymnasium-schkeuditz.de\/index.php?rest_route=\/wp\/v2\/posts\/13259","targetHints":{"allow":["GET"]}}],"collection":[{"href":"https:\/\/www.gymnasium-schkeuditz.de\/index.php?rest_route=\/wp\/v2\/posts"}],"about":[{"href":"https:\/\/www.gymnasium-schkeuditz.de\/index.php?rest_route=\/wp\/v2\/types\/post"}],"author":[{"embeddable":true,"href":"https:\/\/www.gymnasium-schkeuditz.de\/index.php?rest_route=\/wp\/v2\/users\/2"}],"replies":[{"embeddable":true,"href":"https:\/\/www.gymnasium-schkeuditz.de\/index.php?rest_route=%2Fwp%2Fv2%2Fcomments&post=13259"}],"version-history":[{"count":3,"href":"https:\/\/www.gymnasium-schkeuditz.de\/index.php?rest_route=\/wp\/v2\/posts\/13259\/revisions"}],"predecessor-version":[{"id":13280,"href":"https:\/\/www.gymnasium-schkeuditz.de\/index.php?rest_route=\/wp\/v2\/posts\/13259\/revisions\/13280"}],"wp:featuredmedia":[{"embeddable":true,"href":"https:\/\/www.gymnasium-schkeuditz.de\/index.php?rest_route=\/wp\/v2\/media\/13263"}],"wp:attachment":[{"href":"https:\/\/www.gymnasium-schkeuditz.de\/index.php?rest_route=%2Fwp%2Fv2%2Fmedia&parent=13259"}],"wp:term":[{"taxonomy":"category","embeddable":true,"href":"https:\/\/www.gymnasium-schkeuditz.de\/index.php?rest_route=%2Fwp%2Fv2%2Fcategories&post=13259"},{"taxonomy":"post_tag","embeddable":true,"href":"https:\/\/www.gymnasium-schkeuditz.de\/index.php?rest_route=%2Fwp%2Fv2%2Ftags&post=13259"}],"curies":[{"name":"wp","href":"https:\/\/api.w.org\/{rel}","templated":true}]}}