{"id":13209,"date":"2026-01-06T13:40:15","date_gmt":"2026-01-06T12:40:15","guid":{"rendered":"https:\/\/www.gymnasium-schkeuditz.de\/?p=13209"},"modified":"2026-01-06T22:17:44","modified_gmt":"2026-01-06T21:17:44","slug":"1-physik-im-advent-wettbewerb-2025","status":"publish","type":"post","link":"https:\/\/www.gymnasium-schkeuditz.de\/?p=13209","title":{"rendered":"1. \u201ePhysik im Advent\u201c \u2013 Wettbewerb 2025"},"content":{"rendered":"\n<p>Es ist ein Adventskalender der ganz besonderen Art: Der physikalische Adventskalender, bei dem vom 1. bis zum 24. Dezember jeden Tag ein kleines, einfaches Experiment oder physikalisches R\u00e4tsel als Videoclip vorgestellt wird, wurde in diesem Schuljahr das erste Mal \u00fcberhaupt am Maria \u2013 Merian \u2013 Gymnasium als Wettbewerb mit allen Klassenstufen (au\u00dfer der 5) gespielt.<\/p>\n\n\n\n<p>Der Adventskalender \u201ePiA \u2013 Physik im Advent\u201c wird in Kooperation mit der Georg-August-Universit\u00e4t G\u00f6ttingen, der Wilhelm und Else Heraeus \u2013 Stiftung, der Deutschen Physikalischen Gesellschaft, der \u00d6sterreichischen Physikalischen Gesellschaft, der Schweizer Physikalischen Gesellschaft und der Europ\u00e4ischen Physikalische Gesellschaft angeboten. Unsere Schule sagt an dieser Stelle ganz herzlich Dankesch\u00f6n f\u00fcr so viel Hingabe und Kreativit\u00e4t.<\/p>\n\n\n\n<p>Insgesamt 109 Sch\u00fclerinnen und Sch\u00fcler nahmen die Herausforderungen an, wurden damit Teil des Wettbewerbs und schafften zum Teil hervorragende Ergebnisse. Herzliche Gratulation an diejenigen, die es sogar auf das Podium ihrer jeweiligen Klassenstufen geschafft haben (siehe \u00dcbersicht). Einen besonderen Gl\u00fcckwunsch m\u00f6chte ich unserer inoffiziellen Schulsiegerin Amelie Freia Bocher aus der Klasse 10a \u00fcbermitteln, die es geschafft hat, alle 24 R\u00e4tsel richtig zu l\u00f6sen und damit als Einzige volle Punktausbeute vorweisen kann. Das ist wahnsinnig stark!<\/p>\n\n\n\n<p>Hier findet ihr alle Siegerinnen und Sieger im \u00dcberblick:<\/p>\n\n\n\n<p><strong>Klassenstufe 6<\/strong>:&nbsp;&nbsp;&nbsp;&nbsp;&nbsp;&nbsp;&nbsp;&nbsp;&nbsp;&nbsp;&nbsp;&nbsp;&nbsp;&nbsp;&nbsp;&nbsp;&nbsp; <\/p>\n\n\n\n<p>1.Platz mit 20 Punkten:   Lyo Speichert (6c)&nbsp;<\/p>\n\n\n\n<p>2.Platz mit 18 Punkten:   Anna Luisa Nitzsche (6c) und Emy Luise Flor (6a)&nbsp;&nbsp;&nbsp;&nbsp;&nbsp;&nbsp;&nbsp;&nbsp;&nbsp;&nbsp;&nbsp;&nbsp;&nbsp;&nbsp;&nbsp;&nbsp;&nbsp;&nbsp;&nbsp;&nbsp;&nbsp;&nbsp;&nbsp;&nbsp;<\/p>\n\n\n\n<p>3.Platz mit 17 Punkten:   Finja Bleiholder (6d)<\/p>\n\n\n\n<p><strong>Klassenstufe 7<\/strong>:&nbsp;&nbsp;&nbsp;&nbsp;&nbsp;&nbsp;&nbsp;&nbsp;&nbsp;&nbsp;&nbsp;&nbsp;&nbsp;&nbsp;&nbsp;&nbsp;&nbsp;<\/p>\n\n\n\n<p>1.Platz mit 21 Punkten:   Amelie Kandler (7b)<\/p>\n\n\n\n<p>2.Platz mit 17 Punkten:  Sama Dao (7a)<\/p>\n\n\n\n<p>3.Platz mit 16 Punkten:   Leonard Anders (7a), Lilly Brettschneider (7b) und Tim Maa\u00df (7c)&nbsp;<\/p>\n\n\n\n<p><strong>Klassenstufe 8:<\/strong>&nbsp;<\/p>\n\n\n\n<p>1.Platz mit 3 Punkten:  Ylvi Lotta Palm (8b)<\/p>\n\n\n\n<p><strong>Klassenstufe 9:&nbsp;&nbsp;<\/strong><\/p>\n\n\n\n<p>1.Platz mit 21 Punkten:   Lilli Flor (9c)&nbsp;<\/p>\n\n\n\n<p>2.Platz mit 18 Punkten:   Felix K\u00fcrschner (9b)&nbsp;<\/p>\n\n\n\n<p>3.Platz mit 17 Punkten:   Cecile Schuster (9d),&nbsp;Romy Mantei (9d) und Rubeen Dao (9d)<\/p>\n\n\n\n<p><strong>Klassenstufe 10:&nbsp;&nbsp;<\/strong><\/p>\n\n\n\n<p>1.Platz mit 24 Punkten: Amelie Freia Bocher (10a)&nbsp;<\/p>\n\n\n\n<p>2.Platz mit 23 Punkten: Eugen Dammer (10b)<\/p>\n\n\n\n<p>3.Platz mit 21 Punkten: Nils Bulik (10a)<\/p>\n\n\n\n<p><strong>Klassenstufe 11:&nbsp;&nbsp;<\/strong><\/p>\n\n\n\n<p>1.Platz mit 18 Punkten: Jette Pecher&nbsp;<\/p>\n\n\n\n<p>2.Platz mit 15 Punkten: Paul Todte<\/p>\n\n\n\n<p>3.Platz mit 14 Punkten: Theodor Fuchs<\/p>\n\n\n\n<p><strong>Klassenstufe 12:&nbsp;&nbsp;<\/strong><\/p>\n\n\n\n<p>1.Platz mit 21 Punkten: Alexandra Lerche,&nbsp;Finn Bulik, Maria Fillo und Mirja K\u00e4stner<\/p>\n\n\n\n<p><\/p>\n\n\n\n<p>Herr Potthoff<\/p>\n\n\n\n<figure class=\"wp-block-gallery has-nested-images columns-default is-cropped wp-block-gallery-1 is-layout-flex wp-block-gallery-is-layout-flex\">\n<figure class=\"wp-block-image size-large\"><img loading=\"lazy\" decoding=\"async\" width=\"1024\" height=\"768\" data-id=\"13211\" src=\"https:\/\/www.gymnasium-schkeuditz.de\/wp-content\/uploads\/2026\/01\/Alle-Gewinnerinnen-und-Gewinner-1024x768.jpg\" alt=\"\" class=\"wp-image-13211\" srcset=\"https:\/\/www.gymnasium-schkeuditz.de\/wp-content\/uploads\/2026\/01\/Alle-Gewinnerinnen-und-Gewinner-1024x768.jpg 1024w, https:\/\/www.gymnasium-schkeuditz.de\/wp-content\/uploads\/2026\/01\/Alle-Gewinnerinnen-und-Gewinner-300x225.jpg 300w, https:\/\/www.gymnasium-schkeuditz.de\/wp-content\/uploads\/2026\/01\/Alle-Gewinnerinnen-und-Gewinner-768x576.jpg 768w, https:\/\/www.gymnasium-schkeuditz.de\/wp-content\/uploads\/2026\/01\/Alle-Gewinnerinnen-und-Gewinner-1536x1152.jpg 1536w, https:\/\/www.gymnasium-schkeuditz.de\/wp-content\/uploads\/2026\/01\/Alle-Gewinnerinnen-und-Gewinner.jpg 2040w\" sizes=\"auto, (max-width: 1024px) 100vw, 1024px\" \/><figcaption class=\"wp-element-caption\">Alle Gewinnerinnen und Gewinner<\/figcaption><\/figure>\n\n\n\n<figure class=\"wp-block-image size-large\"><img loading=\"lazy\" decoding=\"async\" width=\"1024\" height=\"768\" data-id=\"13212\" src=\"https:\/\/www.gymnasium-schkeuditz.de\/wp-content\/uploads\/2026\/01\/Klassenstufe-6-1024x768.jpg\" alt=\"\" class=\"wp-image-13212\" srcset=\"https:\/\/www.gymnasium-schkeuditz.de\/wp-content\/uploads\/2026\/01\/Klassenstufe-6-1024x768.jpg 1024w, https:\/\/www.gymnasium-schkeuditz.de\/wp-content\/uploads\/2026\/01\/Klassenstufe-6-300x225.jpg 300w, https:\/\/www.gymnasium-schkeuditz.de\/wp-content\/uploads\/2026\/01\/Klassenstufe-6-768x576.jpg 768w, https:\/\/www.gymnasium-schkeuditz.de\/wp-content\/uploads\/2026\/01\/Klassenstufe-6-1536x1152.jpg 1536w, https:\/\/www.gymnasium-schkeuditz.de\/wp-content\/uploads\/2026\/01\/Klassenstufe-6.jpg 2040w\" sizes=\"auto, (max-width: 1024px) 100vw, 1024px\" \/><\/figure>\n\n\n\n<figure class=\"wp-block-image size-large\"><img loading=\"lazy\" decoding=\"async\" width=\"1024\" height=\"768\" data-id=\"13210\" src=\"https:\/\/www.gymnasium-schkeuditz.de\/wp-content\/uploads\/2026\/01\/Klassenstufe-7-1024x768.jpg\" alt=\"\" class=\"wp-image-13210\" srcset=\"https:\/\/www.gymnasium-schkeuditz.de\/wp-content\/uploads\/2026\/01\/Klassenstufe-7-1024x768.jpg 1024w, https:\/\/www.gymnasium-schkeuditz.de\/wp-content\/uploads\/2026\/01\/Klassenstufe-7-300x225.jpg 300w, https:\/\/www.gymnasium-schkeuditz.de\/wp-content\/uploads\/2026\/01\/Klassenstufe-7-768x576.jpg 768w, https:\/\/www.gymnasium-schkeuditz.de\/wp-content\/uploads\/2026\/01\/Klassenstufe-7-1536x1152.jpg 1536w, https:\/\/www.gymnasium-schkeuditz.de\/wp-content\/uploads\/2026\/01\/Klassenstufe-7.jpg 2040w\" sizes=\"auto, (max-width: 1024px) 100vw, 1024px\" \/><\/figure>\n\n\n\n<figure class=\"wp-block-image size-large\"><img loading=\"lazy\" decoding=\"async\" width=\"1024\" height=\"768\" data-id=\"13213\" src=\"https:\/\/www.gymnasium-schkeuditz.de\/wp-content\/uploads\/2026\/01\/Klassenstufe-9-1024x768.jpg\" alt=\"\" class=\"wp-image-13213\" srcset=\"https:\/\/www.gymnasium-schkeuditz.de\/wp-content\/uploads\/2026\/01\/Klassenstufe-9-1024x768.jpg 1024w, https:\/\/www.gymnasium-schkeuditz.de\/wp-content\/uploads\/2026\/01\/Klassenstufe-9-300x225.jpg 300w, https:\/\/www.gymnasium-schkeuditz.de\/wp-content\/uploads\/2026\/01\/Klassenstufe-9-768x576.jpg 768w, https:\/\/www.gymnasium-schkeuditz.de\/wp-content\/uploads\/2026\/01\/Klassenstufe-9-1536x1152.jpg 1536w, https:\/\/www.gymnasium-schkeuditz.de\/wp-content\/uploads\/2026\/01\/Klassenstufe-9.jpg 2040w\" sizes=\"auto, (max-width: 1024px) 100vw, 1024px\" \/><\/figure>\n\n\n\n<figure class=\"wp-block-image size-large\"><img loading=\"lazy\" decoding=\"async\" width=\"1024\" height=\"768\" data-id=\"13214\" src=\"https:\/\/www.gymnasium-schkeuditz.de\/wp-content\/uploads\/2026\/01\/Klassenstufe-10-1024x768.jpg\" alt=\"\" class=\"wp-image-13214\" srcset=\"https:\/\/www.gymnasium-schkeuditz.de\/wp-content\/uploads\/2026\/01\/Klassenstufe-10-1024x768.jpg 1024w, https:\/\/www.gymnasium-schkeuditz.de\/wp-content\/uploads\/2026\/01\/Klassenstufe-10-300x225.jpg 300w, https:\/\/www.gymnasium-schkeuditz.de\/wp-content\/uploads\/2026\/01\/Klassenstufe-10-768x576.jpg 768w, https:\/\/www.gymnasium-schkeuditz.de\/wp-content\/uploads\/2026\/01\/Klassenstufe-10-1536x1152.jpg 1536w, https:\/\/www.gymnasium-schkeuditz.de\/wp-content\/uploads\/2026\/01\/Klassenstufe-10.jpg 2040w\" sizes=\"auto, (max-width: 1024px) 100vw, 1024px\" \/><\/figure>\n\n\n\n<figure class=\"wp-block-image size-large\"><img loading=\"lazy\" decoding=\"async\" width=\"1024\" height=\"768\" data-id=\"13215\" src=\"https:\/\/www.gymnasium-schkeuditz.de\/wp-content\/uploads\/2026\/01\/Klassenstufe-11-1024x768.jpg\" alt=\"\" class=\"wp-image-13215\" srcset=\"https:\/\/www.gymnasium-schkeuditz.de\/wp-content\/uploads\/2026\/01\/Klassenstufe-11-1024x768.jpg 1024w, https:\/\/www.gymnasium-schkeuditz.de\/wp-content\/uploads\/2026\/01\/Klassenstufe-11-300x225.jpg 300w, https:\/\/www.gymnasium-schkeuditz.de\/wp-content\/uploads\/2026\/01\/Klassenstufe-11-768x576.jpg 768w, https:\/\/www.gymnasium-schkeuditz.de\/wp-content\/uploads\/2026\/01\/Klassenstufe-11-1536x1152.jpg 1536w, https:\/\/www.gymnasium-schkeuditz.de\/wp-content\/uploads\/2026\/01\/Klassenstufe-11.jpg 2040w\" sizes=\"auto, (max-width: 1024px) 100vw, 1024px\" \/><\/figure>\n\n\n\n<figure class=\"wp-block-image size-large\"><img loading=\"lazy\" decoding=\"async\" width=\"1024\" height=\"768\" data-id=\"13216\" src=\"https:\/\/www.gymnasium-schkeuditz.de\/wp-content\/uploads\/2026\/01\/Klassenstufe-12-1024x768.jpg\" alt=\"\" class=\"wp-image-13216\" srcset=\"https:\/\/www.gymnasium-schkeuditz.de\/wp-content\/uploads\/2026\/01\/Klassenstufe-12-1024x768.jpg 1024w, https:\/\/www.gymnasium-schkeuditz.de\/wp-content\/uploads\/2026\/01\/Klassenstufe-12-300x225.jpg 300w, https:\/\/www.gymnasium-schkeuditz.de\/wp-content\/uploads\/2026\/01\/Klassenstufe-12-768x576.jpg 768w, https:\/\/www.gymnasium-schkeuditz.de\/wp-content\/uploads\/2026\/01\/Klassenstufe-12-1536x1152.jpg 1536w, https:\/\/www.gymnasium-schkeuditz.de\/wp-content\/uploads\/2026\/01\/Klassenstufe-12.jpg 2040w\" sizes=\"auto, (max-width: 1024px) 100vw, 1024px\" \/><\/figure>\n<\/figure>\n\n\n\n<p><\/p>\n","protected":false},"excerpt":{"rendered":"<p>Es ist ein Adventskalender der ganz besonderen Art: Der physikalische Adventskalender, bei dem vom 1. bis zum 24. Dezember jeden Tag ein kleines, einfaches Experiment oder physikalisches R\u00e4tsel als Videoclip vorgestellt wird, wurde in diesem Schuljahr das erste Mal \u00fcberhaupt am Maria \u2013 Merian \u2013 Gymnasium als Wettbewerb mit allen Klassenstufen (au\u00dfer der 5) gespielt. Der Adventskalender \u201ePiA \u2013 Physik [&hellip;]<\/p>\n","protected":false},"author":2,"featured_media":13211,"comment_status":"closed","ping_status":"","sticky":false,"template":"","format":"standard","meta":{"footnotes":""},"categories":[1,7,19,35],"tags":[],"class_list":["post-13209","post","type-post","status-publish","format-standard","has-post-thumbnail","hentry","category-aktuelles","category-archiv","category-projekte","category-schuljahr-2025-26"],"_links":{"self":[{"href":"https:\/\/www.gymnasium-schkeuditz.de\/index.php?rest_route=\/wp\/v2\/posts\/13209","targetHints":{"allow":["GET"]}}],"collection":[{"href":"https:\/\/www.gymnasium-schkeuditz.de\/index.php?rest_route=\/wp\/v2\/posts"}],"about":[{"href":"https:\/\/www.gymnasium-schkeuditz.de\/index.php?rest_route=\/wp\/v2\/types\/post"}],"author":[{"embeddable":true,"href":"https:\/\/www.gymnasium-schkeuditz.de\/index.php?rest_route=\/wp\/v2\/users\/2"}],"replies":[{"embeddable":true,"href":"https:\/\/www.gymnasium-schkeuditz.de\/index.php?rest_route=%2Fwp%2Fv2%2Fcomments&post=13209"}],"version-history":[{"count":2,"href":"https:\/\/www.gymnasium-schkeuditz.de\/index.php?rest_route=\/wp\/v2\/posts\/13209\/revisions"}],"predecessor-version":[{"id":13219,"href":"https:\/\/www.gymnasium-schkeuditz.de\/index.php?rest_route=\/wp\/v2\/posts\/13209\/revisions\/13219"}],"wp:featuredmedia":[{"embeddable":true,"href":"https:\/\/www.gymnasium-schkeuditz.de\/index.php?rest_route=\/wp\/v2\/media\/13211"}],"wp:attachment":[{"href":"https:\/\/www.gymnasium-schkeuditz.de\/index.php?rest_route=%2Fwp%2Fv2%2Fmedia&parent=13209"}],"wp:term":[{"taxonomy":"category","embeddable":true,"href":"https:\/\/www.gymnasium-schkeuditz.de\/index.php?rest_route=%2Fwp%2Fv2%2Fcategories&post=13209"},{"taxonomy":"post_tag","embeddable":true,"href":"https:\/\/www.gymnasium-schkeuditz.de\/index.php?rest_route=%2Fwp%2Fv2%2Ftags&post=13209"}],"curies":[{"name":"wp","href":"https:\/\/api.w.org\/{rel}","templated":true}]}}