{"id":13114,"date":"2025-11-27T19:52:14","date_gmt":"2025-11-27T18:52:14","guid":{"rendered":"https:\/\/www.gymnasium-schkeuditz.de\/?p=13114"},"modified":"2025-11-28T06:14:00","modified_gmt":"2025-11-28T05:14:00","slug":"wir-gratulieren-zum-bundespreis","status":"publish","type":"post","link":"https:\/\/www.gymnasium-schkeuditz.de\/?p=13114","title":{"rendered":"Wir gratulieren zum Bundespreis!!"},"content":{"rendered":"\n<figure class=\"wp-block-image size-large\"><img loading=\"lazy\" decoding=\"async\" width=\"1024\" height=\"714\" src=\"https:\/\/www.gymnasium-schkeuditz.de\/wp-content\/uploads\/2025\/11\/75a24111-0fa8-4276-a7dd-ca355bbc5c00-1024x714.jpg\" alt=\"\" class=\"wp-image-13115\" srcset=\"https:\/\/www.gymnasium-schkeuditz.de\/wp-content\/uploads\/2025\/11\/75a24111-0fa8-4276-a7dd-ca355bbc5c00-1024x714.jpg 1024w, https:\/\/www.gymnasium-schkeuditz.de\/wp-content\/uploads\/2025\/11\/75a24111-0fa8-4276-a7dd-ca355bbc5c00-300x209.jpg 300w, https:\/\/www.gymnasium-schkeuditz.de\/wp-content\/uploads\/2025\/11\/75a24111-0fa8-4276-a7dd-ca355bbc5c00-768x535.jpg 768w, https:\/\/www.gymnasium-schkeuditz.de\/wp-content\/uploads\/2025\/11\/75a24111-0fa8-4276-a7dd-ca355bbc5c00.jpg 1512w\" sizes=\"auto, (max-width: 1024px) 100vw, 1024px\" \/><figcaption class=\"wp-element-caption\">Unser Schulleiter Herr Sch\u00f6nfeldt und Vertreter der Fachschaft Geschichte begl\u00fcckw\u00fcnschen&nbsp;Theresa Schneider&nbsp;und&nbsp;Theodor Fuchs&nbsp;zum 2.Bundesspreis im Geschichtswettbewerb des Bundespr\u00e4sidenten&nbsp;<\/figcaption><\/figure>\n\n\n\n<p>Siehe auch: <\/p>\n\n\n\n<ul class=\"wp-block-list\">\n<li><a href=\"https:\/\/www.lvz.de\/lokales\/nordsachsen\/schkeuditz\/schkeuditz-schueler-gewinnen-beim-geschichtswettbewerb-des-bundespraesidenten-C4CHPG5Q3JCBBIIS6AZMQDCNPI.html\">Artikel in der LVZ <\/a>(12.11.2025)<\/li>\n\n\n\n<li><a href=\"https:\/\/koerber-stiftung.de\/projekte\/geschichtswettbewerb\/\">K\u00f6rberstiftung &#8211; Informationen zum Wettbewerb<\/a><\/li>\n<\/ul>\n\n\n\n<p><\/p>\n","protected":false},"excerpt":{"rendered":"<p>Siehe auch:<\/p>\n","protected":false},"author":2,"featured_media":13115,"comment_status":"closed","ping_status":"","sticky":false,"template":"","format":"standard","meta":{"footnotes":""},"categories":[1,15,7,19,35],"tags":[],"class_list":["post-13114","post","type-post","status-publish","format-standard","has-post-thumbnail","hentry","category-aktuelles","category-allgemein","category-archiv","category-projekte","category-schuljahr-2025-26"],"_links":{"self":[{"href":"https:\/\/www.gymnasium-schkeuditz.de\/index.php?rest_route=\/wp\/v2\/posts\/13114","targetHints":{"allow":["GET"]}}],"collection":[{"href":"https:\/\/www.gymnasium-schkeuditz.de\/index.php?rest_route=\/wp\/v2\/posts"}],"about":[{"href":"https:\/\/www.gymnasium-schkeuditz.de\/index.php?rest_route=\/wp\/v2\/types\/post"}],"author":[{"embeddable":true,"href":"https:\/\/www.gymnasium-schkeuditz.de\/index.php?rest_route=\/wp\/v2\/users\/2"}],"replies":[{"embeddable":true,"href":"https:\/\/www.gymnasium-schkeuditz.de\/index.php?rest_route=%2Fwp%2Fv2%2Fcomments&post=13114"}],"version-history":[{"count":3,"href":"https:\/\/www.gymnasium-schkeuditz.de\/index.php?rest_route=\/wp\/v2\/posts\/13114\/revisions"}],"predecessor-version":[{"id":13118,"href":"https:\/\/www.gymnasium-schkeuditz.de\/index.php?rest_route=\/wp\/v2\/posts\/13114\/revisions\/13118"}],"wp:featuredmedia":[{"embeddable":true,"href":"https:\/\/www.gymnasium-schkeuditz.de\/index.php?rest_route=\/wp\/v2\/media\/13115"}],"wp:attachment":[{"href":"https:\/\/www.gymnasium-schkeuditz.de\/index.php?rest_route=%2Fwp%2Fv2%2Fmedia&parent=13114"}],"wp:term":[{"taxonomy":"category","embeddable":true,"href":"https:\/\/www.gymnasium-schkeuditz.de\/index.php?rest_route=%2Fwp%2Fv2%2Fcategories&post=13114"},{"taxonomy":"post_tag","embeddable":true,"href":"https:\/\/www.gymnasium-schkeuditz.de\/index.php?rest_route=%2Fwp%2Fv2%2Ftags&post=13114"}],"curies":[{"name":"wp","href":"https:\/\/api.w.org\/{rel}","templated":true}]}}