{"id":13054,"date":"2025-10-20T06:51:07","date_gmt":"2025-10-20T04:51:07","guid":{"rendered":"https:\/\/www.gymnasium-schkeuditz.de\/?p=13054"},"modified":"2025-10-20T06:51:07","modified_gmt":"2025-10-20T04:51:07","slug":"3-platz-in-sachsen-beim-geographiewettbewerb-diercke-igeo","status":"publish","type":"post","link":"https:\/\/www.gymnasium-schkeuditz.de\/?p=13054","title":{"rendered":"3.Platz in Sachsen beim Geographiewettbewerb Diercke iGeo"},"content":{"rendered":"\n<p><strong>14 Lernende der Klassenstufen 10 bis 12 nahmen am 23.09.2025 im 2. Block erfolgreich am Landeswettbewerb&nbsp;<\/strong><em>Diercke iGeo<\/em><strong>&nbsp;teil.<\/strong>&nbsp;Ziel des Wettbewerbs ist die Ermittlung eines vierk\u00f6pfigen Geographie-Sch\u00fclernationalteams, das Deutschland bei der Internationalen Geographieolympiade im weltweiten Wettstreit vertritt.<\/p>\n\n\n\n<p>Der Wettbewerb, der in der Landesrunde aus einer 60-min\u00fctigen Klausur und einem anschlie\u00dfenden Multiple-Choice-Test besteht, wird \u2013 wie auch der Bundeswettbewerb, an dem die jeweiligen Landessieger teilnehmen \u2013 vollst\u00e4ndig in englischer Sprache durchgef\u00fchrt. Die Teilnehmenden k\u00f6nnen somit nicht nur ihr geographisches Wissen testen \u2013 das weit \u00fcber den Unterrichtsstoff hinausgeht \u2013, sondern auch ihre fremdsprachlichen F\u00e4higkeiten im Fach Englisch praktisch anwenden. Dies ist allen Lernenden sehr gut gelungen.<\/p>\n\n\n\n<p><strong>Besonders erfolgreich war Laurens M\u00e4cke (10d),<\/strong>&nbsp;der den Schulsieg sowie den 3. Platz unter allen s\u00e4chsischen Teilnehmenden erringen konnte. Nur knapp geschlagen geben mussten sich an unserer Schule&nbsp;<strong>Finn Bulik (12)<\/strong>&nbsp;und&nbsp;<strong>Martin Barth (12)<\/strong>&nbsp;\u2013 ausschlaggebend war hier die Sch\u00e4tzfrage nach der L\u00e4nge des Rheins.<\/p>\n\n\n\n<p>Auch den weiteren Teilnehmenden geb\u00fchrt gro\u00dfer Respekt f\u00fcr ihre gezeigten Leistungen. Ein Dank gilt zudem dem F\u00f6rderverein f\u00fcr die Bereitstellung von Sachpreisen.<\/p>\n\n\n\n<p>Die Fachschaft Geographie<\/p>\n\n\n\n<figure class=\"wp-block-gallery has-nested-images columns-default is-cropped wp-block-gallery-1 is-layout-flex wp-block-gallery-is-layout-flex\">\n<figure class=\"wp-block-image size-large\"><img loading=\"lazy\" decoding=\"async\" width=\"1024\" height=\"768\" data-id=\"13055\" src=\"https:\/\/www.gymnasium-schkeuditz.de\/wp-content\/uploads\/2025\/10\/PHOTO-2025-09-29-09-50-40-1024x768.jpg\" alt=\"\" class=\"wp-image-13055\" srcset=\"https:\/\/www.gymnasium-schkeuditz.de\/wp-content\/uploads\/2025\/10\/PHOTO-2025-09-29-09-50-40-1024x768.jpg 1024w, https:\/\/www.gymnasium-schkeuditz.de\/wp-content\/uploads\/2025\/10\/PHOTO-2025-09-29-09-50-40-300x225.jpg 300w, https:\/\/www.gymnasium-schkeuditz.de\/wp-content\/uploads\/2025\/10\/PHOTO-2025-09-29-09-50-40-768x576.jpg 768w, https:\/\/www.gymnasium-schkeuditz.de\/wp-content\/uploads\/2025\/10\/PHOTO-2025-09-29-09-50-40.jpg 1200w\" sizes=\"auto, (max-width: 1024px) 100vw, 1024px\" \/><\/figure>\n\n\n\n<figure class=\"wp-block-image size-large\"><img loading=\"lazy\" decoding=\"async\" width=\"1000\" height=\"750\" data-id=\"13056\" src=\"https:\/\/www.gymnasium-schkeuditz.de\/wp-content\/uploads\/2025\/10\/PHOTO-2025-09-29-09-50-41.jpg\" alt=\"\" class=\"wp-image-13056\" srcset=\"https:\/\/www.gymnasium-schkeuditz.de\/wp-content\/uploads\/2025\/10\/PHOTO-2025-09-29-09-50-41.jpg 1000w, https:\/\/www.gymnasium-schkeuditz.de\/wp-content\/uploads\/2025\/10\/PHOTO-2025-09-29-09-50-41-300x225.jpg 300w, https:\/\/www.gymnasium-schkeuditz.de\/wp-content\/uploads\/2025\/10\/PHOTO-2025-09-29-09-50-41-768x576.jpg 768w\" sizes=\"auto, (max-width: 1000px) 100vw, 1000px\" \/><\/figure>\n<\/figure>\n","protected":false},"excerpt":{"rendered":"<p>14 Lernende der Klassenstufen 10 bis 12 nahmen am 23.09.2025 im 2. Block erfolgreich am Landeswettbewerb&nbsp;Diercke iGeo&nbsp;teil.&nbsp;Ziel des Wettbewerbs ist die Ermittlung eines vierk\u00f6pfigen Geographie-Sch\u00fclernationalteams, das Deutschland bei der Internationalen Geographieolympiade im weltweiten Wettstreit vertritt. Der Wettbewerb, der in der Landesrunde aus einer 60-min\u00fctigen Klausur und einem anschlie\u00dfenden Multiple-Choice-Test besteht, wird \u2013 wie auch der Bundeswettbewerb, an dem die jeweiligen [&hellip;]<\/p>\n","protected":false},"author":2,"featured_media":13055,"comment_status":"closed","ping_status":"","sticky":false,"template":"","format":"standard","meta":{"footnotes":""},"categories":[1,7,19,35],"tags":[],"class_list":["post-13054","post","type-post","status-publish","format-standard","has-post-thumbnail","hentry","category-aktuelles","category-archiv","category-projekte","category-schuljahr-2025-26"],"_links":{"self":[{"href":"https:\/\/www.gymnasium-schkeuditz.de\/index.php?rest_route=\/wp\/v2\/posts\/13054","targetHints":{"allow":["GET"]}}],"collection":[{"href":"https:\/\/www.gymnasium-schkeuditz.de\/index.php?rest_route=\/wp\/v2\/posts"}],"about":[{"href":"https:\/\/www.gymnasium-schkeuditz.de\/index.php?rest_route=\/wp\/v2\/types\/post"}],"author":[{"embeddable":true,"href":"https:\/\/www.gymnasium-schkeuditz.de\/index.php?rest_route=\/wp\/v2\/users\/2"}],"replies":[{"embeddable":true,"href":"https:\/\/www.gymnasium-schkeuditz.de\/index.php?rest_route=%2Fwp%2Fv2%2Fcomments&post=13054"}],"version-history":[{"count":1,"href":"https:\/\/www.gymnasium-schkeuditz.de\/index.php?rest_route=\/wp\/v2\/posts\/13054\/revisions"}],"predecessor-version":[{"id":13057,"href":"https:\/\/www.gymnasium-schkeuditz.de\/index.php?rest_route=\/wp\/v2\/posts\/13054\/revisions\/13057"}],"wp:featuredmedia":[{"embeddable":true,"href":"https:\/\/www.gymnasium-schkeuditz.de\/index.php?rest_route=\/wp\/v2\/media\/13055"}],"wp:attachment":[{"href":"https:\/\/www.gymnasium-schkeuditz.de\/index.php?rest_route=%2Fwp%2Fv2%2Fmedia&parent=13054"}],"wp:term":[{"taxonomy":"category","embeddable":true,"href":"https:\/\/www.gymnasium-schkeuditz.de\/index.php?rest_route=%2Fwp%2Fv2%2Fcategories&post=13054"},{"taxonomy":"post_tag","embeddable":true,"href":"https:\/\/www.gymnasium-schkeuditz.de\/index.php?rest_route=%2Fwp%2Fv2%2Ftags&post=13054"}],"curies":[{"name":"wp","href":"https:\/\/api.w.org\/{rel}","templated":true}]}}