{"id":13030,"date":"2025-08-28T17:21:39","date_gmt":"2025-08-28T15:21:39","guid":{"rendered":"https:\/\/www.gymnasium-schkeuditz.de\/?p=13030"},"modified":"2025-08-28T21:17:34","modified_gmt":"2025-08-28T19:17:34","slug":"ein-landessieg-fuer-theresa-und-theodor-im-geschichtswettbewerb-des-bundespraesidenten","status":"publish","type":"post","link":"https:\/\/www.gymnasium-schkeuditz.de\/?p=13030","title":{"rendered":"Ein Landessieg f\u00fcr Theresa und Theodor im Geschichtswettbewerb des Bundespr\u00e4sidenten"},"content":{"rendered":"\n<p>Es ist ein Gl\u00fccksfall f\u00fcr einen jeden Geschichtslehrer, wenn Kinder sich durch den Unterricht animiert f\u00fchlen, aus der eigenen Familiengeschichte zu erz\u00e4hlen. Geschichte und gro\u00dfe historische Zusammenh\u00e4nge werden h\u00e4ufig viel besser verstanden, wenn sie \u00fcber Einzelschicksale, unterschiedliche Perspektiven und kleine Geschichten erfahren werden.&nbsp;<\/p>\n\n\n\n<p>Als eine Sch\u00fclerin unserer Schule, Theresa, ihre KOL \u00fcber ein schmerzhaftes und folgenreiches Kapitel ihrer Familiengeschichte schreiben wollte, war mein Interesse in ganz besonderem Ma\u00dfe geweckt. Im ersten Gespr\u00e4ch erfuhr ich, dass Theresas Urgro\u00dfmutter, eine damals 18-j\u00e4hrige Siebenb\u00fcrger S\u00e4chsin, im Jahr 1945 von der Sowjetunion in das Gebiet der heutigen Ukraine deportiert wurde, weil man den in Rum\u00e4nien beheimateten Siebenb\u00fcrger Sachsen Kollaboration mit Hitler vorwarf. Laut einem sowjetischen Geheimbefehl sollten nun junge Menschen diese Kollektivschuld abarbeiten. Da sich Theresa und ihre Familie noch heute der Siebenb\u00fcrger Gemeinde und deren Traditionen verbunden f\u00fchlt, hat sie auch Zugriff auf Archive und hat diese genutzt.<\/p>\n\n\n\n<p>Zeitgleich erfuhr ich vom diesj\u00e4hrigen Geschichtswettbewerb des Bundespr\u00e4sidenten, der zum Thema \u201eBis hierhin und nicht weiter!? \u2013 Grenzen in der Geschichte\u201c ausgeschrieben war.<\/p>\n\n\n\n<p>Fortan arbeitete Theresa gemeinsam mit Theo \u2013 parallel zur KOL! &#8211; am Wettbewerbsbeitrag. Dieser sollte ein Film \u00fcber Theresas KOL-Thema werden. Und er wurde so viel mehr! Viele Gespr\u00e4che wurden gef\u00fchrt, Zeitzeugen befragt, Archivquellen ausgewertet, Texte geschrieben, Hunderte Fotos und Filmaufnahmen durchforstet, Szenen aufgenommen, verworfen, neu gedreht, geschnitten und mit (von Theo selbst komponierter) Musik unterlegt. Am 28.Februar 2025, dem Tag des Einsendeschlusses, war es dann so weit: gegen 21.30 Uhr konnte der Film eingereicht werden.<\/p>\n\n\n\n<p>Heute, am 28.August 2025, sind Theresa Schneider und Theodor Fuchs w\u00e4hrend einer sehr feierlichen Preisverleihung im Zeitgen\u00f6ssischen Forum mit einem Landespreis ausgezeichnet worden! Ein gro\u00dfartiger Erfolg! Gab es doch allein in Sachsen \u00fcber hundert Einsendungen. Vielleicht schafft es der Beitrag der beiden Elftkl\u00e4ssler sogar noch weiter: Im Herbst werden die besten Beitr\u00e4ge auf Bundesebene ausgezeichnet.<\/p>\n\n\n\n<p>Susanne Molzahn<\/p>\n\n\n\n<p>(Lehrerin)<\/p>\n\n\n\n<figure class=\"wp-block-image size-full\"><img loading=\"lazy\" decoding=\"async\" width=\"640\" height=\"480\" src=\"https:\/\/www.gymnasium-schkeuditz.de\/wp-content\/uploads\/2025\/08\/IMG_6279.jpg\" alt=\"\" class=\"wp-image-13031\" srcset=\"https:\/\/www.gymnasium-schkeuditz.de\/wp-content\/uploads\/2025\/08\/IMG_6279.jpg 640w, https:\/\/www.gymnasium-schkeuditz.de\/wp-content\/uploads\/2025\/08\/IMG_6279-300x225.jpg 300w\" sizes=\"auto, (max-width: 640px) 100vw, 640px\" \/><\/figure>\n\n\n\n<figure class=\"wp-block-image size-full\"><img loading=\"lazy\" decoding=\"async\" width=\"640\" height=\"480\" src=\"https:\/\/www.gymnasium-schkeuditz.de\/wp-content\/uploads\/2025\/08\/IMG_6286.jpg\" alt=\"\" class=\"wp-image-13032\" srcset=\"https:\/\/www.gymnasium-schkeuditz.de\/wp-content\/uploads\/2025\/08\/IMG_6286.jpg 640w, https:\/\/www.gymnasium-schkeuditz.de\/wp-content\/uploads\/2025\/08\/IMG_6286-300x225.jpg 300w\" sizes=\"auto, (max-width: 640px) 100vw, 640px\" \/><\/figure>\n","protected":false},"excerpt":{"rendered":"<p>Es ist ein Gl\u00fccksfall f\u00fcr einen jeden Geschichtslehrer, wenn Kinder sich durch den Unterricht animiert f\u00fchlen, aus der eigenen Familiengeschichte zu erz\u00e4hlen. Geschichte und gro\u00dfe historische Zusammenh\u00e4nge werden h\u00e4ufig viel besser verstanden, wenn sie \u00fcber Einzelschicksale, unterschiedliche Perspektiven und kleine Geschichten erfahren werden.&nbsp; Als eine Sch\u00fclerin unserer Schule, Theresa, ihre KOL \u00fcber ein schmerzhaftes und folgenreiches Kapitel ihrer Familiengeschichte schreiben [&hellip;]<\/p>\n","protected":false},"author":2,"featured_media":13031,"comment_status":"closed","ping_status":"","sticky":false,"template":"","format":"standard","meta":{"footnotes":""},"categories":[1,7,19,35],"tags":[],"class_list":["post-13030","post","type-post","status-publish","format-standard","has-post-thumbnail","hentry","category-aktuelles","category-archiv","category-projekte","category-schuljahr-2025-26"],"_links":{"self":[{"href":"https:\/\/www.gymnasium-schkeuditz.de\/index.php?rest_route=\/wp\/v2\/posts\/13030","targetHints":{"allow":["GET"]}}],"collection":[{"href":"https:\/\/www.gymnasium-schkeuditz.de\/index.php?rest_route=\/wp\/v2\/posts"}],"about":[{"href":"https:\/\/www.gymnasium-schkeuditz.de\/index.php?rest_route=\/wp\/v2\/types\/post"}],"author":[{"embeddable":true,"href":"https:\/\/www.gymnasium-schkeuditz.de\/index.php?rest_route=\/wp\/v2\/users\/2"}],"replies":[{"embeddable":true,"href":"https:\/\/www.gymnasium-schkeuditz.de\/index.php?rest_route=%2Fwp%2Fv2%2Fcomments&post=13030"}],"version-history":[{"count":2,"href":"https:\/\/www.gymnasium-schkeuditz.de\/index.php?rest_route=\/wp\/v2\/posts\/13030\/revisions"}],"predecessor-version":[{"id":13034,"href":"https:\/\/www.gymnasium-schkeuditz.de\/index.php?rest_route=\/wp\/v2\/posts\/13030\/revisions\/13034"}],"wp:featuredmedia":[{"embeddable":true,"href":"https:\/\/www.gymnasium-schkeuditz.de\/index.php?rest_route=\/wp\/v2\/media\/13031"}],"wp:attachment":[{"href":"https:\/\/www.gymnasium-schkeuditz.de\/index.php?rest_route=%2Fwp%2Fv2%2Fmedia&parent=13030"}],"wp:term":[{"taxonomy":"category","embeddable":true,"href":"https:\/\/www.gymnasium-schkeuditz.de\/index.php?rest_route=%2Fwp%2Fv2%2Fcategories&post=13030"},{"taxonomy":"post_tag","embeddable":true,"href":"https:\/\/www.gymnasium-schkeuditz.de\/index.php?rest_route=%2Fwp%2Fv2%2Ftags&post=13030"}],"curies":[{"name":"wp","href":"https:\/\/api.w.org\/{rel}","templated":true}]}}