{"id":12305,"date":"2024-04-30T21:41:43","date_gmt":"2024-04-30T19:41:43","guid":{"rendered":"https:\/\/www.gymnasium-schkeuditz.de\/?p=12305"},"modified":"2024-04-30T22:07:36","modified_gmt":"2024-04-30T20:07:36","slug":"auftritt-unserer-schulband-am-3-mai","status":"publish","type":"post","link":"https:\/\/www.gymnasium-schkeuditz.de\/?p=12305","title":{"rendered":"Auftritt unserer Schulband am 3. Mai"},"content":{"rendered":"\n<figure class=\"wp-block-image\"><img decoding=\"async\" src=\"https:\/\/d.lernsax.de\/d.php\/8\/0\/0.9822590205952.769c80780b8eb4b343d86ba8bf7b9db1.NzkyMzgyOA..MA\/7923828.jpg\" alt=\"\"\/><\/figure>\n\n\n\n<p>Am kommenden Freitag (03.05.2024) ist unsere aktuelle Schulband \u201eThe Luminescent\u201c der Top-Act der<br>Jubil\u00e4umsparty im Schkeuditzer Jugendclub \u201eNeue Welle\u201c.<br>Der Auftritt beginnt 18:30 Uhr, \u00fcber zahlreiche Besucher w\u00fcrden wir uns freuen.<br>N. Gr\u00fcneberg<\/p>\n\n\n\n<figure class=\"wp-block-image size-large\"><img loading=\"lazy\" decoding=\"async\" width=\"1024\" height=\"483\" src=\"https:\/\/www.gymnasium-schkeuditz.de\/wp-content\/uploads\/2024\/04\/Schulband-1024x483.jpg\" alt=\"\" class=\"wp-image-12312\" srcset=\"https:\/\/www.gymnasium-schkeuditz.de\/wp-content\/uploads\/2024\/04\/Schulband-1024x483.jpg 1024w, https:\/\/www.gymnasium-schkeuditz.de\/wp-content\/uploads\/2024\/04\/Schulband-300x142.jpg 300w, https:\/\/www.gymnasium-schkeuditz.de\/wp-content\/uploads\/2024\/04\/Schulband-768x362.jpg 768w, https:\/\/www.gymnasium-schkeuditz.de\/wp-content\/uploads\/2024\/04\/Schulband-1536x725.jpg 1536w, https:\/\/www.gymnasium-schkeuditz.de\/wp-content\/uploads\/2024\/04\/Schulband.jpg 1596w\" sizes=\"auto, (max-width: 1024px) 100vw, 1024px\" \/><\/figure>\n","protected":false},"excerpt":{"rendered":"<p>Am kommenden Freitag (03.05.2024) ist unsere aktuelle Schulband \u201eThe Luminescent\u201c der Top-Act derJubil\u00e4umsparty im Schkeuditzer Jugendclub \u201eNeue Welle\u201c.Der Auftritt beginnt 18:30 Uhr, \u00fcber zahlreiche Besucher w\u00fcrden wir uns freuen.N. Gr\u00fcneberg<\/p>\n","protected":false},"author":2,"featured_media":12025,"comment_status":"closed","ping_status":"","sticky":false,"template":"","format":"standard","meta":{"footnotes":""},"categories":[1,7,33],"tags":[],"class_list":["post-12305","post","type-post","status-publish","format-standard","has-post-thumbnail","hentry","category-aktuelles","category-archiv","category-schuljahr-2023-23"],"_links":{"self":[{"href":"https:\/\/www.gymnasium-schkeuditz.de\/index.php?rest_route=\/wp\/v2\/posts\/12305","targetHints":{"allow":["GET"]}}],"collection":[{"href":"https:\/\/www.gymnasium-schkeuditz.de\/index.php?rest_route=\/wp\/v2\/posts"}],"about":[{"href":"https:\/\/www.gymnasium-schkeuditz.de\/index.php?rest_route=\/wp\/v2\/types\/post"}],"author":[{"embeddable":true,"href":"https:\/\/www.gymnasium-schkeuditz.de\/index.php?rest_route=\/wp\/v2\/users\/2"}],"replies":[{"embeddable":true,"href":"https:\/\/www.gymnasium-schkeuditz.de\/index.php?rest_route=%2Fwp%2Fv2%2Fcomments&post=12305"}],"version-history":[{"count":5,"href":"https:\/\/www.gymnasium-schkeuditz.de\/index.php?rest_route=\/wp\/v2\/posts\/12305\/revisions"}],"predecessor-version":[{"id":12313,"href":"https:\/\/www.gymnasium-schkeuditz.de\/index.php?rest_route=\/wp\/v2\/posts\/12305\/revisions\/12313"}],"wp:featuredmedia":[{"embeddable":true,"href":"https:\/\/www.gymnasium-schkeuditz.de\/index.php?rest_route=\/wp\/v2\/media\/12025"}],"wp:attachment":[{"href":"https:\/\/www.gymnasium-schkeuditz.de\/index.php?rest_route=%2Fwp%2Fv2%2Fmedia&parent=12305"}],"wp:term":[{"taxonomy":"category","embeddable":true,"href":"https:\/\/www.gymnasium-schkeuditz.de\/index.php?rest_route=%2Fwp%2Fv2%2Fcategories&post=12305"},{"taxonomy":"post_tag","embeddable":true,"href":"https:\/\/www.gymnasium-schkeuditz.de\/index.php?rest_route=%2Fwp%2Fv2%2Ftags&post=12305"}],"curies":[{"name":"wp","href":"https:\/\/api.w.org\/{rel}","templated":true}]}}