{"id":12226,"date":"2024-03-27T19:58:13","date_gmt":"2024-03-27T18:58:13","guid":{"rendered":"https:\/\/www.gymnasium-schkeuditz.de\/?p=12226"},"modified":"2024-04-12T10:16:19","modified_gmt":"2024-04-12T08:16:19","slug":"sprachfahrt-nach-paris","status":"publish","type":"post","link":"https:\/\/www.gymnasium-schkeuditz.de\/?p=12226","title":{"rendered":"Sprachfahrt nach Paris"},"content":{"rendered":"\n<p>Unsere Reise begann am Montagmorgen in einer Gruppe von 12 Personen am Leipziger Hauptbahnhof. Eine lange Zugfahrt von etwa acht Stunden trennte uns noch von der franz\u00f6sischen Hauptstadt. Am Gare de&nbsp;l&#8217;Est&nbsp;angekommen gelang es uns nach drei Versuchen, die kurze Strecke mit der M\u00e9tro zum Hotel des&nbsp;Pyr\u00e9n\u00e9es&nbsp;zu fahren. \u00dcberf\u00fcllte<\/p>\n\n\n\n<p>U-Bahnen sollten uns die ganze Woche begleiten. Jeder Tag begann mit einem typisch franz\u00f6sischen Fr\u00fchst\u00fcck, bestehend aus einem Croissant, Baguette, Marmelade und Orangensaft. W\u00e4hrend der f\u00fcnf Tage erkundeten wir bei bestem Wetter die Pariser Innenstadt. Wir schauten uns in kleinen Gruppen beispielsweise im K\u00fcnstlerviertel Montmartre um. Von hier aus und auch vom Tour Montparnasse, genossen wir einen spektakul\u00e4ren Blick auf die Stadt. Weitere Ziele unserer Reise waren viele andere Sehensw\u00fcrdigkeiten, darunter die&nbsp;Sacr\u00e9-Coeur, der Jardin des Plantes und das Mus\u00e9e&nbsp;d\u00b4Orsay. Ein weiterer H\u00f6hepunkt unserer Reise war eine Bootsfahrt auf der Seine. Auf dieser Fahrt konnten wir die Stadt aus einem neuen Blickwinkel kennenlernen. Diese Art der Stadterkundung war f\u00fcr uns eine gelungene Abwechslung. Der Ausflug erm\u00f6glichte es uns, die Kathedrale Notre-Dame aus der N\u00e4he zu sehen. Ein Highlight der Sprachreise war der Anblick des Eiffelturms am Abend. Abends funkelt der \u201eTour Eiffel\u201c und ist in einem goldenen Farbton beleuchtet. Bei einer Reise nach Paris darf die Besichtigung des Louvre auch nicht fehlen. Dort schauten wir uns verschiedene Gem\u00e4lde, Skulpturen und nat\u00fcrlich auch die Mona Lisa an. Zur St\u00e4rkung unterwegs picknickten wir gemeinsam u.a. im Jardin des&nbsp;Tuileries. Insgesamt hatten wir eine sehr sch\u00f6ne und erlebnisreiche Sprachfahrt, auf der wir unsere Sprachkenntnisse anwenden und auch ein paar neue W\u00f6rter lernen konnten.<\/p>\n\n\n\n<p>Adina und Anna, 9d<\/p>\n\n\n\n<figure class=\"wp-block-image size-large\"><img loading=\"lazy\" decoding=\"async\" width=\"1024\" height=\"768\" src=\"https:\/\/www.gymnasium-schkeuditz.de\/wp-content\/uploads\/2024\/04\/IMG-20240329-WA0003-1024x768.jpg\" alt=\"\" class=\"wp-image-12254\" srcset=\"https:\/\/www.gymnasium-schkeuditz.de\/wp-content\/uploads\/2024\/04\/IMG-20240329-WA0003-1024x768.jpg 1024w, https:\/\/www.gymnasium-schkeuditz.de\/wp-content\/uploads\/2024\/04\/IMG-20240329-WA0003-300x225.jpg 300w, https:\/\/www.gymnasium-schkeuditz.de\/wp-content\/uploads\/2024\/04\/IMG-20240329-WA0003-768x576.jpg 768w, https:\/\/www.gymnasium-schkeuditz.de\/wp-content\/uploads\/2024\/04\/IMG-20240329-WA0003-1536x1152.jpg 1536w, https:\/\/www.gymnasium-schkeuditz.de\/wp-content\/uploads\/2024\/04\/IMG-20240329-WA0003.jpg 1600w\" sizes=\"auto, (max-width: 1024px) 100vw, 1024px\" \/><\/figure>\n\n\n\n<figure class=\"wp-block-gallery has-nested-images columns-2 is-cropped wp-block-gallery-1 is-layout-flex wp-block-gallery-is-layout-flex\">\n<figure class=\"wp-block-image size-large\"><img loading=\"lazy\" decoding=\"async\" width=\"1024\" height=\"768\" data-id=\"12251\" src=\"https:\/\/www.gymnasium-schkeuditz.de\/wp-content\/uploads\/2024\/04\/IMG-20240329-WA0000-1024x768.jpg\" alt=\"\" class=\"wp-image-12251\" srcset=\"https:\/\/www.gymnasium-schkeuditz.de\/wp-content\/uploads\/2024\/04\/IMG-20240329-WA0000-1024x768.jpg 1024w, https:\/\/www.gymnasium-schkeuditz.de\/wp-content\/uploads\/2024\/04\/IMG-20240329-WA0000-300x225.jpg 300w, https:\/\/www.gymnasium-schkeuditz.de\/wp-content\/uploads\/2024\/04\/IMG-20240329-WA0000-768x576.jpg 768w, https:\/\/www.gymnasium-schkeuditz.de\/wp-content\/uploads\/2024\/04\/IMG-20240329-WA0000-1536x1152.jpg 1536w, https:\/\/www.gymnasium-schkeuditz.de\/wp-content\/uploads\/2024\/04\/IMG-20240329-WA0000.jpg 2048w\" sizes=\"auto, (max-width: 1024px) 100vw, 1024px\" \/><\/figure>\n\n\n\n<figure class=\"wp-block-image size-large\"><img loading=\"lazy\" decoding=\"async\" width=\"1024\" height=\"768\" data-id=\"12255\" src=\"https:\/\/www.gymnasium-schkeuditz.de\/wp-content\/uploads\/2024\/04\/IMG-20240329-WA0002-1024x768.jpg\" alt=\"\" class=\"wp-image-12255\" srcset=\"https:\/\/www.gymnasium-schkeuditz.de\/wp-content\/uploads\/2024\/04\/IMG-20240329-WA0002-1024x768.jpg 1024w, https:\/\/www.gymnasium-schkeuditz.de\/wp-content\/uploads\/2024\/04\/IMG-20240329-WA0002-300x225.jpg 300w, https:\/\/www.gymnasium-schkeuditz.de\/wp-content\/uploads\/2024\/04\/IMG-20240329-WA0002-768x576.jpg 768w, https:\/\/www.gymnasium-schkeuditz.de\/wp-content\/uploads\/2024\/04\/IMG-20240329-WA0002-1536x1152.jpg 1536w, https:\/\/www.gymnasium-schkeuditz.de\/wp-content\/uploads\/2024\/04\/IMG-20240329-WA0002.jpg 2048w\" sizes=\"auto, (max-width: 1024px) 100vw, 1024px\" \/><\/figure>\n\n\n\n<figure class=\"wp-block-image size-large\"><img loading=\"lazy\" decoding=\"async\" width=\"768\" height=\"1024\" data-id=\"12252\" src=\"https:\/\/www.gymnasium-schkeuditz.de\/wp-content\/uploads\/2024\/04\/IMG-20240329-WA0001-768x1024.jpg\" alt=\"\" class=\"wp-image-12252\" srcset=\"https:\/\/www.gymnasium-schkeuditz.de\/wp-content\/uploads\/2024\/04\/IMG-20240329-WA0001-768x1024.jpg 768w, https:\/\/www.gymnasium-schkeuditz.de\/wp-content\/uploads\/2024\/04\/IMG-20240329-WA0001-225x300.jpg 225w, https:\/\/www.gymnasium-schkeuditz.de\/wp-content\/uploads\/2024\/04\/IMG-20240329-WA0001-1152x1536.jpg 1152w, https:\/\/www.gymnasium-schkeuditz.de\/wp-content\/uploads\/2024\/04\/IMG-20240329-WA0001.jpg 1536w\" sizes=\"auto, (max-width: 768px) 100vw, 768px\" \/><\/figure>\n\n\n\n<figure class=\"wp-block-image size-large\"><img loading=\"lazy\" decoding=\"async\" width=\"576\" height=\"1024\" data-id=\"12257\" src=\"https:\/\/www.gymnasium-schkeuditz.de\/wp-content\/uploads\/2024\/04\/IMG-20240329-WA0005-576x1024.jpg\" alt=\"\" class=\"wp-image-12257\" srcset=\"https:\/\/www.gymnasium-schkeuditz.de\/wp-content\/uploads\/2024\/04\/IMG-20240329-WA0005-576x1024.jpg 576w, https:\/\/www.gymnasium-schkeuditz.de\/wp-content\/uploads\/2024\/04\/IMG-20240329-WA0005-169x300.jpg 169w, https:\/\/www.gymnasium-schkeuditz.de\/wp-content\/uploads\/2024\/04\/IMG-20240329-WA0005-768x1365.jpg 768w, https:\/\/www.gymnasium-schkeuditz.de\/wp-content\/uploads\/2024\/04\/IMG-20240329-WA0005-864x1536.jpg 864w, https:\/\/www.gymnasium-schkeuditz.de\/wp-content\/uploads\/2024\/04\/IMG-20240329-WA0005.jpg 1125w\" sizes=\"auto, (max-width: 576px) 100vw, 576px\" \/><\/figure>\n\n\n\n<figure class=\"wp-block-image size-large\"><img loading=\"lazy\" decoding=\"async\" width=\"768\" height=\"1024\" data-id=\"12256\" src=\"https:\/\/www.gymnasium-schkeuditz.de\/wp-content\/uploads\/2024\/04\/IMG-20240329-WA0006-768x1024.jpg\" alt=\"\" class=\"wp-image-12256\" srcset=\"https:\/\/www.gymnasium-schkeuditz.de\/wp-content\/uploads\/2024\/04\/IMG-20240329-WA0006-768x1024.jpg 768w, https:\/\/www.gymnasium-schkeuditz.de\/wp-content\/uploads\/2024\/04\/IMG-20240329-WA0006-225x300.jpg 225w, https:\/\/www.gymnasium-schkeuditz.de\/wp-content\/uploads\/2024\/04\/IMG-20240329-WA0006-1152x1536.jpg 1152w, https:\/\/www.gymnasium-schkeuditz.de\/wp-content\/uploads\/2024\/04\/IMG-20240329-WA0006.jpg 1536w\" sizes=\"auto, (max-width: 768px) 100vw, 768px\" \/><\/figure>\n\n\n\n<figure class=\"wp-block-image size-large\"><img loading=\"lazy\" decoding=\"async\" width=\"768\" height=\"1024\" data-id=\"12253\" src=\"https:\/\/www.gymnasium-schkeuditz.de\/wp-content\/uploads\/2024\/04\/IMG-20240329-WA0004-768x1024.jpg\" alt=\"\" class=\"wp-image-12253\" srcset=\"https:\/\/www.gymnasium-schkeuditz.de\/wp-content\/uploads\/2024\/04\/IMG-20240329-WA0004-768x1024.jpg 768w, https:\/\/www.gymnasium-schkeuditz.de\/wp-content\/uploads\/2024\/04\/IMG-20240329-WA0004-225x300.jpg 225w, https:\/\/www.gymnasium-schkeuditz.de\/wp-content\/uploads\/2024\/04\/IMG-20240329-WA0004-1152x1536.jpg 1152w, https:\/\/www.gymnasium-schkeuditz.de\/wp-content\/uploads\/2024\/04\/IMG-20240329-WA0004.jpg 1200w\" sizes=\"auto, (max-width: 768px) 100vw, 768px\" \/><\/figure>\n<\/figure>\n\n\n\n<figure class=\"wp-block-gallery has-nested-images columns-default is-cropped wp-block-gallery-2 is-layout-flex wp-block-gallery-is-layout-flex\">\n<figure class=\"wp-block-image size-large\"><img loading=\"lazy\" decoding=\"async\" width=\"232\" height=\"325\" data-id=\"12227\" src=\"https:\/\/www.gymnasium-schkeuditz.de\/wp-content\/uploads\/2024\/03\/Foto5-1.jpg\" alt=\"\" class=\"wp-image-12227\" srcset=\"https:\/\/www.gymnasium-schkeuditz.de\/wp-content\/uploads\/2024\/03\/Foto5-1.jpg 232w, https:\/\/www.gymnasium-schkeuditz.de\/wp-content\/uploads\/2024\/03\/Foto5-1-214x300.jpg 214w\" sizes=\"auto, (max-width: 232px) 100vw, 232px\" \/><\/figure>\n\n\n\n<figure class=\"wp-block-image size-large\"><img loading=\"lazy\" decoding=\"async\" width=\"230\" height=\"306\" data-id=\"12228\" src=\"https:\/\/www.gymnasium-schkeuditz.de\/wp-content\/uploads\/2024\/03\/Paris1.jpg\" alt=\"\" class=\"wp-image-12228\" srcset=\"https:\/\/www.gymnasium-schkeuditz.de\/wp-content\/uploads\/2024\/03\/Paris1.jpg 230w, https:\/\/www.gymnasium-schkeuditz.de\/wp-content\/uploads\/2024\/03\/Paris1-225x300.jpg 225w\" sizes=\"auto, (max-width: 230px) 100vw, 230px\" \/><\/figure>\n\n\n\n<figure class=\"wp-block-image size-large\"><img loading=\"lazy\" decoding=\"async\" width=\"229\" height=\"306\" data-id=\"12229\" src=\"https:\/\/www.gymnasium-schkeuditz.de\/wp-content\/uploads\/2024\/03\/Paris2.jpg\" alt=\"\" class=\"wp-image-12229\" srcset=\"https:\/\/www.gymnasium-schkeuditz.de\/wp-content\/uploads\/2024\/03\/Paris2.jpg 229w, https:\/\/www.gymnasium-schkeuditz.de\/wp-content\/uploads\/2024\/03\/Paris2-225x300.jpg 225w\" sizes=\"auto, (max-width: 229px) 100vw, 229px\" \/><\/figure>\n\n\n\n<figure class=\"wp-block-image size-large\"><img loading=\"lazy\" decoding=\"async\" width=\"294\" height=\"193\" data-id=\"12231\" src=\"https:\/\/www.gymnasium-schkeuditz.de\/wp-content\/uploads\/2024\/03\/Paris4.jpg\" alt=\"\" class=\"wp-image-12231\"\/><\/figure>\n\n\n\n<figure class=\"wp-block-image size-large\"><img loading=\"lazy\" decoding=\"async\" width=\"116\" height=\"296\" data-id=\"12233\" src=\"https:\/\/www.gymnasium-schkeuditz.de\/wp-content\/uploads\/2024\/03\/Paris6.jpg\" alt=\"\" class=\"wp-image-12233\"\/><\/figure>\n\n\n\n<figure class=\"wp-block-image size-large\"><img loading=\"lazy\" decoding=\"async\" width=\"203\" height=\"267\" data-id=\"12232\" src=\"https:\/\/www.gymnasium-schkeuditz.de\/wp-content\/uploads\/2024\/03\/Paris7.jpg\" alt=\"\" class=\"wp-image-12232\"\/><\/figure>\n<\/figure>\n","protected":false},"excerpt":{"rendered":"<p>Unsere Reise begann am Montagmorgen in einer Gruppe von 12 Personen am Leipziger Hauptbahnhof. Eine lange Zugfahrt von etwa acht Stunden trennte uns noch von der franz\u00f6sischen Hauptstadt. Am Gare de&nbsp;l&#8217;Est&nbsp;angekommen gelang es uns nach drei Versuchen, die kurze Strecke mit der M\u00e9tro zum Hotel des&nbsp;Pyr\u00e9n\u00e9es&nbsp;zu fahren. \u00dcberf\u00fcllte U-Bahnen sollten uns die ganze Woche begleiten. Jeder Tag begann mit einem [&hellip;]<\/p>\n","protected":false},"author":2,"featured_media":12251,"comment_status":"closed","ping_status":"","sticky":false,"template":"","format":"standard","meta":{"footnotes":""},"categories":[1,15,7,17,12,18,19,33],"tags":[],"class_list":["post-12226","post","type-post","status-publish","format-standard","has-post-thumbnail","hentry","category-aktuelles","category-allgemein","category-archiv","category-exkursionen","category-feste_traditionen","category-festetraditionen","category-projekte","category-schuljahr-2023-23"],"_links":{"self":[{"href":"https:\/\/www.gymnasium-schkeuditz.de\/index.php?rest_route=\/wp\/v2\/posts\/12226","targetHints":{"allow":["GET"]}}],"collection":[{"href":"https:\/\/www.gymnasium-schkeuditz.de\/index.php?rest_route=\/wp\/v2\/posts"}],"about":[{"href":"https:\/\/www.gymnasium-schkeuditz.de\/index.php?rest_route=\/wp\/v2\/types\/post"}],"author":[{"embeddable":true,"href":"https:\/\/www.gymnasium-schkeuditz.de\/index.php?rest_route=\/wp\/v2\/users\/2"}],"replies":[{"embeddable":true,"href":"https:\/\/www.gymnasium-schkeuditz.de\/index.php?rest_route=%2Fwp%2Fv2%2Fcomments&post=12226"}],"version-history":[{"count":2,"href":"https:\/\/www.gymnasium-schkeuditz.de\/index.php?rest_route=\/wp\/v2\/posts\/12226\/revisions"}],"predecessor-version":[{"id":12258,"href":"https:\/\/www.gymnasium-schkeuditz.de\/index.php?rest_route=\/wp\/v2\/posts\/12226\/revisions\/12258"}],"wp:featuredmedia":[{"embeddable":true,"href":"https:\/\/www.gymnasium-schkeuditz.de\/index.php?rest_route=\/wp\/v2\/media\/12251"}],"wp:attachment":[{"href":"https:\/\/www.gymnasium-schkeuditz.de\/index.php?rest_route=%2Fwp%2Fv2%2Fmedia&parent=12226"}],"wp:term":[{"taxonomy":"category","embeddable":true,"href":"https:\/\/www.gymnasium-schkeuditz.de\/index.php?rest_route=%2Fwp%2Fv2%2Fcategories&post=12226"},{"taxonomy":"post_tag","embeddable":true,"href":"https:\/\/www.gymnasium-schkeuditz.de\/index.php?rest_route=%2Fwp%2Fv2%2Ftags&post=12226"}],"curies":[{"name":"wp","href":"https:\/\/api.w.org\/{rel}","templated":true}]}}