{"id":12005,"date":"2023-12-20T09:10:23","date_gmt":"2023-12-20T08:10:23","guid":{"rendered":"https:\/\/www.gymnasium-schkeuditz.de\/?p=12005"},"modified":"2023-12-20T11:20:22","modified_gmt":"2023-12-20T10:20:22","slug":"jugend-trainiert-fuer-olympia","status":"publish","type":"post","link":"https:\/\/www.gymnasium-schkeuditz.de\/?p=12005","title":{"rendered":"Jugend trainiert f\u00fcr Olympia"},"content":{"rendered":"\n<p>Im diesj\u00e4hrigen Volleyballturnier der Wettkampfklasse 1 m\u00e4nnlich konnte sich die Auswahl des Maria-Merian-Gymnasiums erfolgreich beweisen. Der starke Zusammenhalt und das w\u00f6chentliche Training garantierten eine tolle Mannschaftsleistung, die es den Jungen aus der Oberstufe erm\u00f6glicht, in der n\u00e4chsten Runde am Regionalfinale in Eilenburg (30.1.24) teilzunehmen. Wir w\u00fcnschen den Spielern viel Erfolg!<br>A. Eichst\u00e4dt&nbsp;<\/p>\n\n\n\n<figure class=\"wp-block-gallery has-nested-images columns-default is-cropped wp-block-gallery-1 is-layout-flex wp-block-gallery-is-layout-flex\">\n<figure class=\"wp-block-image size-large\"><img loading=\"lazy\" decoding=\"async\" width=\"1024\" height=\"768\" data-id=\"12012\" src=\"https:\/\/www.gymnasium-schkeuditz.de\/wp-content\/uploads\/2023\/12\/Foto2_9-1024x768.jpg\" alt=\"\" class=\"wp-image-12012\" srcset=\"https:\/\/www.gymnasium-schkeuditz.de\/wp-content\/uploads\/2023\/12\/Foto2_9-1024x768.jpg 1024w, https:\/\/www.gymnasium-schkeuditz.de\/wp-content\/uploads\/2023\/12\/Foto2_9-300x225.jpg 300w, https:\/\/www.gymnasium-schkeuditz.de\/wp-content\/uploads\/2023\/12\/Foto2_9-768x576.jpg 768w, https:\/\/www.gymnasium-schkeuditz.de\/wp-content\/uploads\/2023\/12\/Foto2_9-1536x1152.jpg 1536w, https:\/\/www.gymnasium-schkeuditz.de\/wp-content\/uploads\/2023\/12\/Foto2_9-2048x1536.jpg 2048w\" sizes=\"auto, (max-width: 1024px) 100vw, 1024px\" \/><\/figure>\n<\/figure>\n\n\n\n<figure class=\"wp-block-image size-large\"><img loading=\"lazy\" decoding=\"async\" width=\"1024\" height=\"768\" src=\"https:\/\/www.gymnasium-schkeuditz.de\/wp-content\/uploads\/2023\/12\/Foto1_8-1024x768.jpg\" alt=\"\" class=\"wp-image-12011\" srcset=\"https:\/\/www.gymnasium-schkeuditz.de\/wp-content\/uploads\/2023\/12\/Foto1_8-1024x768.jpg 1024w, https:\/\/www.gymnasium-schkeuditz.de\/wp-content\/uploads\/2023\/12\/Foto1_8-300x225.jpg 300w, https:\/\/www.gymnasium-schkeuditz.de\/wp-content\/uploads\/2023\/12\/Foto1_8-768x576.jpg 768w, https:\/\/www.gymnasium-schkeuditz.de\/wp-content\/uploads\/2023\/12\/Foto1_8-1536x1152.jpg 1536w, https:\/\/www.gymnasium-schkeuditz.de\/wp-content\/uploads\/2023\/12\/Foto1_8-2048x1536.jpg 2048w\" sizes=\"auto, (max-width: 1024px) 100vw, 1024px\" \/><\/figure>\n","protected":false},"excerpt":{"rendered":"<p>Im diesj\u00e4hrigen Volleyballturnier der Wettkampfklasse 1 m\u00e4nnlich konnte sich die Auswahl des Maria-Merian-Gymnasiums erfolgreich beweisen. Der starke Zusammenhalt und das w\u00f6chentliche Training garantierten eine tolle Mannschaftsleistung, die es den Jungen aus der Oberstufe erm\u00f6glicht, in der n\u00e4chsten Runde am Regionalfinale in Eilenburg (30.1.24) teilzunehmen. Wir w\u00fcnschen den Spielern viel Erfolg!A. Eichst\u00e4dt&nbsp;<\/p>\n","protected":false},"author":2,"featured_media":12012,"comment_status":"closed","ping_status":"","sticky":false,"template":"","format":"standard","meta":{"footnotes":""},"categories":[1,15,7,12,18,19,33,13],"tags":[],"class_list":["post-12005","post","type-post","status-publish","format-standard","has-post-thumbnail","hentry","category-aktuelles","category-allgemein","category-archiv","category-feste_traditionen","category-festetraditionen","category-projekte","category-schuljahr-2023-23","category-sport"],"_links":{"self":[{"href":"https:\/\/www.gymnasium-schkeuditz.de\/index.php?rest_route=\/wp\/v2\/posts\/12005","targetHints":{"allow":["GET"]}}],"collection":[{"href":"https:\/\/www.gymnasium-schkeuditz.de\/index.php?rest_route=\/wp\/v2\/posts"}],"about":[{"href":"https:\/\/www.gymnasium-schkeuditz.de\/index.php?rest_route=\/wp\/v2\/types\/post"}],"author":[{"embeddable":true,"href":"https:\/\/www.gymnasium-schkeuditz.de\/index.php?rest_route=\/wp\/v2\/users\/2"}],"replies":[{"embeddable":true,"href":"https:\/\/www.gymnasium-schkeuditz.de\/index.php?rest_route=%2Fwp%2Fv2%2Fcomments&post=12005"}],"version-history":[{"count":2,"href":"https:\/\/www.gymnasium-schkeuditz.de\/index.php?rest_route=\/wp\/v2\/posts\/12005\/revisions"}],"predecessor-version":[{"id":12013,"href":"https:\/\/www.gymnasium-schkeuditz.de\/index.php?rest_route=\/wp\/v2\/posts\/12005\/revisions\/12013"}],"wp:featuredmedia":[{"embeddable":true,"href":"https:\/\/www.gymnasium-schkeuditz.de\/index.php?rest_route=\/wp\/v2\/media\/12012"}],"wp:attachment":[{"href":"https:\/\/www.gymnasium-schkeuditz.de\/index.php?rest_route=%2Fwp%2Fv2%2Fmedia&parent=12005"}],"wp:term":[{"taxonomy":"category","embeddable":true,"href":"https:\/\/www.gymnasium-schkeuditz.de\/index.php?rest_route=%2Fwp%2Fv2%2Fcategories&post=12005"},{"taxonomy":"post_tag","embeddable":true,"href":"https:\/\/www.gymnasium-schkeuditz.de\/index.php?rest_route=%2Fwp%2Fv2%2Ftags&post=12005"}],"curies":[{"name":"wp","href":"https:\/\/api.w.org\/{rel}","templated":true}]}}