{"id":10965,"date":"2022-02-28T18:06:50","date_gmt":"2022-02-28T17:06:50","guid":{"rendered":"https:\/\/www.gymnasium-schkeuditz.de\/?p=10965"},"modified":"2022-02-28T18:06:50","modified_gmt":"2022-02-28T17:06:50","slug":"frieden-und-freiheit-fuer-die-ukraine","status":"publish","type":"post","link":"https:\/\/www.gymnasium-schkeuditz.de\/?p=10965","title":{"rendered":"Frieden und Freiheit f\u00fcr die Ukraine"},"content":{"rendered":"\n<p>Schule ist ein Ort der Begegnung und des Austauschs. Neben dem Erlernen fachlicher F\u00e4higkeiten und Fertigkeiten ist das Ein\u00fcben demokratischer Tugenden sowie die Anerkennung friedlicher Konfliktl\u00f6sung ein wesentlicher Bestandteil unserer Schulgemeinschaft.<br>Angesichts der j\u00fcngsten Ereignisse in der Ukraine haben wir am&nbsp;<strong>Montag, 28.02.2022,<\/strong>&nbsp;zu einer Solidarit\u00e4tsveranstaltung auf dem Schulhof eingeladen und gemeinsam John Lennons Friedenshymne &#8222;Imagine&#8220; gesungen.<\/p>\n\n\n\n<p><strong>Meinungen von Sch\u00fclern<\/strong><\/p>\n\n\n\n<p><em>Ich war sehr traurig, dass die zwei Frauen aus der Ukraine so geweint haben. Ich fand die Musik toll, dass die Lehrer das so sch\u00f6n hinbekommen haben. Ich und meine Familie hoffen, dass es den Familien von den Frauen gut geht und den anderen auch.<\/em><\/p>\n\n\n\n<p><em>(Charlotte, Klasse 5)<\/em><\/p>\n\n\n\n<p><em>Ich fand es cool, dass wir alle gemeinsam als Schule das Lied gesungen haben. Und dass zwei Kinder das Lied auf Deutsch \u00fcbersetzt haben. Was ich traurig finde, ist, dass es Kriege gibt. Es w\u00e4re doch alles einfacher ohne.<\/em><\/p>\n\n\n\n<p><em>(Lena, Klasse 5)<\/em><\/p>\n\n\n\n<p><em>Die Veranstaltung gestern war sehr emotional und bewegend. Man bekommt es ja aus seinem Umfeld gar nicht richtig mit, was in der Ukraine passiert. Deshalb fand ich es gut, dass sich zwei Frauen bereit erkl\u00e4rt haben uns zu erz\u00e4hlen, welches Drama das ist, dass man seine Familie nicht erreicht, dass die Menschen umzingelt sind und nur schlecht fliehen k\u00f6nnen.<\/em><\/p>\n\n\n\n<p><em>(Ole, Klasse 9)<\/em><\/p>\n\n\n\n<p><em>Es war zu sehen, wie der Zusammenhalt in der Schule ist. Au\u00dferdem hat es mich sehr ber\u00fchrt, als eine Frau Angst hatte um ihre Familie. Wir haben \u201eImagine\u201c gesungen.<\/em><\/p>\n\n\n\n<p><em>(Maximilian, Klasse 5)<\/em><\/p>\n\n\n\n<p><em>Das Gedenken an all die Kriegsopfer und Gefallenen der Ukraine fand ich sehr bewegend. Es zeigte mir, wie gl\u00fccklich wir uns sch\u00e4tzen k\u00f6nnen, davon bislang nicht betroffen zu sein. Wichtig ist, diese Menschen zu unterst\u00fctzen und sie mit offenen Armen zu empfangen. Ich empfinde es als unglaublich stark, seine Heimat nicht aufzugeben, sondern f\u00fcr diese zu k\u00e4mpfen.<\/em><\/p>\n\n\n\n<p><em>(Monika, Klasse 9)<\/em><\/p>\n\n\n\n<figure class=\"wp-block-gallery columns-3 is-cropped wp-block-gallery-1 is-layout-flex wp-block-gallery-is-layout-flex\"><ul class=\"blocks-gallery-grid\"><li class=\"blocks-gallery-item\"><figure><img decoding=\"async\" src=\"https:\/\/www.gymnasium-schkeuditz.de\/wp-content\/uploads\/2022\/02\/D80ADC15-9C98-4336-A86E-780C2B4A95A7-1030x773.jpeg\" alt=\"\" data-id=\"10966\" data-full-url=\"https:\/\/www.gymnasium-schkeuditz.de\/wp-content\/uploads\/2022\/02\/D80ADC15-9C98-4336-A86E-780C2B4A95A7.jpeg\" data-link=\"https:\/\/www.gymnasium-schkeuditz.de\/?attachment_id=10966\" class=\"wp-image-10966\"\/><\/figure><\/li><li class=\"blocks-gallery-item\"><figure><img decoding=\"async\" src=\"https:\/\/www.gymnasium-schkeuditz.de\/wp-content\/uploads\/2022\/02\/4C38B718-2B23-4F56-8BE9-AC726E9ECAD9-773x1030.jpeg\" alt=\"\" data-id=\"10967\" data-full-url=\"https:\/\/www.gymnasium-schkeuditz.de\/wp-content\/uploads\/2022\/02\/4C38B718-2B23-4F56-8BE9-AC726E9ECAD9.jpeg\" data-link=\"https:\/\/www.gymnasium-schkeuditz.de\/?attachment_id=10967\" class=\"wp-image-10967\"\/><\/figure><\/li><li class=\"blocks-gallery-item\"><figure><img decoding=\"async\" src=\"https:\/\/www.gymnasium-schkeuditz.de\/wp-content\/uploads\/2022\/02\/FD108BAF-0526-4121-A702-C829E4583EC0-1030x773.jpeg\" alt=\"\" data-id=\"10968\" data-full-url=\"https:\/\/www.gymnasium-schkeuditz.de\/wp-content\/uploads\/2022\/02\/FD108BAF-0526-4121-A702-C829E4583EC0.jpeg\" data-link=\"https:\/\/www.gymnasium-schkeuditz.de\/?attachment_id=10968\" class=\"wp-image-10968\"\/><\/figure><\/li><\/ul><\/figure>\n\n\n\n<figure class=\"wp-block-gallery columns-3 is-cropped wp-block-gallery-2 is-layout-flex wp-block-gallery-is-layout-flex\"><ul class=\"blocks-gallery-grid\"><li class=\"blocks-gallery-item\"><figure><img decoding=\"async\" src=\"https:\/\/www.gymnasium-schkeuditz.de\/wp-content\/uploads\/2022\/03\/9B493056-1A54-4830-B4D5-152D52E6EEC3-1030x773.jpeg\" alt=\"\" data-id=\"10983\" data-full-url=\"https:\/\/www.gymnasium-schkeuditz.de\/wp-content\/uploads\/2022\/03\/9B493056-1A54-4830-B4D5-152D52E6EEC3.jpeg\" data-link=\"https:\/\/www.gymnasium-schkeuditz.de\/9b493056-1a54-4830-b4d5-152d52e6eec3\/\" class=\"wp-image-10983\"\/><\/figure><\/li><li class=\"blocks-gallery-item\"><figure><img decoding=\"async\" src=\"https:\/\/www.gymnasium-schkeuditz.de\/wp-content\/uploads\/2022\/03\/87328C4A-13D3-499D-93B2-6F8E69F40045-1030x773.jpeg\" alt=\"\" data-id=\"10984\" data-full-url=\"https:\/\/www.gymnasium-schkeuditz.de\/wp-content\/uploads\/2022\/03\/87328C4A-13D3-499D-93B2-6F8E69F40045.jpeg\" data-link=\"https:\/\/www.gymnasium-schkeuditz.de\/87328c4a-13d3-499d-93b2-6f8e69f40045\/\" class=\"wp-image-10984\"\/><\/figure><\/li><li class=\"blocks-gallery-item\"><figure><img decoding=\"async\" src=\"https:\/\/www.gymnasium-schkeuditz.de\/wp-content\/uploads\/2022\/03\/A1FBF409-FAB0-4384-A7C4-B726BB335ABB-1030x773.jpeg\" alt=\"\" data-id=\"10986\" data-full-url=\"https:\/\/www.gymnasium-schkeuditz.de\/wp-content\/uploads\/2022\/03\/A1FBF409-FAB0-4384-A7C4-B726BB335ABB.jpeg\" data-link=\"https:\/\/www.gymnasium-schkeuditz.de\/a1fbf409-fab0-4384-a7c4-b726bb335abb\/\" class=\"wp-image-10986\"\/><\/figure><\/li><\/ul><\/figure>\n","protected":false},"excerpt":{"rendered":"<p>Schule ist ein Ort der Begegnung und des Austauschs. Neben dem Erlernen fachlicher F\u00e4higkeiten und Fertigkeiten ist das Ein\u00fcben demokratischer Tugenden sowie die Anerkennung friedlicher Konfliktl\u00f6sung ein wesentlicher Bestandteil unserer Schulgemeinschaft.Angesichts der j\u00fcngsten Ereignisse in der Ukraine haben wir am&nbsp;Montag, 28.02.2022,&nbsp;zu einer Solidarit\u00e4tsveranstaltung auf dem Schulhof eingeladen und gemeinsam John Lennons Friedenshymne &#8222;Imagine&#8220; gesungen. Meinungen von Sch\u00fclern Ich war sehr [&hellip;]<\/p>\n","protected":false},"author":2,"featured_media":10968,"comment_status":"closed","ping_status":"closed","sticky":false,"template":"","format":"standard","meta":{"footnotes":""},"categories":[1,15,7,18,19,27],"tags":[],"class_list":["post-10965","post","type-post","status-publish","format-standard","has-post-thumbnail","hentry","category-aktuelles","category-allgemein","category-archiv","category-festetraditionen","category-projekte","category-schuljahr2021-22"],"_links":{"self":[{"href":"https:\/\/www.gymnasium-schkeuditz.de\/index.php?rest_route=\/wp\/v2\/posts\/10965","targetHints":{"allow":["GET"]}}],"collection":[{"href":"https:\/\/www.gymnasium-schkeuditz.de\/index.php?rest_route=\/wp\/v2\/posts"}],"about":[{"href":"https:\/\/www.gymnasium-schkeuditz.de\/index.php?rest_route=\/wp\/v2\/types\/post"}],"author":[{"embeddable":true,"href":"https:\/\/www.gymnasium-schkeuditz.de\/index.php?rest_route=\/wp\/v2\/users\/2"}],"replies":[{"embeddable":true,"href":"https:\/\/www.gymnasium-schkeuditz.de\/index.php?rest_route=%2Fwp%2Fv2%2Fcomments&post=10965"}],"version-history":[{"count":0,"href":"https:\/\/www.gymnasium-schkeuditz.de\/index.php?rest_route=\/wp\/v2\/posts\/10965\/revisions"}],"wp:featuredmedia":[{"embeddable":true,"href":"https:\/\/www.gymnasium-schkeuditz.de\/index.php?rest_route=\/wp\/v2\/media\/10968"}],"wp:attachment":[{"href":"https:\/\/www.gymnasium-schkeuditz.de\/index.php?rest_route=%2Fwp%2Fv2%2Fmedia&parent=10965"}],"wp:term":[{"taxonomy":"category","embeddable":true,"href":"https:\/\/www.gymnasium-schkeuditz.de\/index.php?rest_route=%2Fwp%2Fv2%2Fcategories&post=10965"},{"taxonomy":"post_tag","embeddable":true,"href":"https:\/\/www.gymnasium-schkeuditz.de\/index.php?rest_route=%2Fwp%2Fv2%2Ftags&post=10965"}],"curies":[{"name":"wp","href":"https:\/\/api.w.org\/{rel}","templated":true}]}}