{"id":10701,"date":"2021-10-13T21:44:55","date_gmt":"2021-10-13T19:44:55","guid":{"rendered":"https:\/\/www.gymnasium-schkeuditz.de\/?p=10701"},"modified":"2021-10-13T21:44:55","modified_gmt":"2021-10-13T19:44:55","slug":"freiwillig-sind-wir-ganz-frueh-aufgestanden","status":"publish","type":"post","link":"https:\/\/www.gymnasium-schkeuditz.de\/?p=10701","title":{"rendered":"Freiwillig sind wir ganz fr\u00fch aufgestanden,&#8230;"},"content":{"rendered":"\n<p>um am 04. Oktober 2021 mit unserer Patenklasse, der Klasse 9d, zusammen zu fr\u00fchst\u00fccken. Schon um 7:30 Uhr kamen die ersten, um gemeinsam die Vorbereitungen zu treffen. Tische verschieben und decken, Servietten falten, Obst schneiden und Tee kochen. Alle haben geholfen, wo sie nur konnten. Ein paar Sch\u00fcler gingen mit Hannah aus der 9d und Frau Neubauer einkaufen. Die restlichen Aufgaben waren ebenfalls schnell erledigt. Dann sind die Br\u00f6tchen endlich da! Das Fr\u00fchst\u00fcck kann also beginnen! Alle sind gl\u00fccklich und schlagen sich die B\u00e4uche voll. Die Sch\u00fcler der Klassen 5b und 9d reden alle fr\u00f6hlich miteinander. Als alle satt sind, werden die Tische in Windeseile abger\u00e4umt und zur\u00fcckgeschoben. Zusammen spielten wir noch Parlament. F\u00fcr alle war es ein sch\u00f6ner erster Block und ein tolles Erlebnis.<\/p>\n\n\n\n<p>Danke, liebe Hannah, f\u00fcr die perfekte Organisation!<\/p>\n\n\n\n<p>Marah D\u00f6hler,5b<\/p>\n\n\n\n<figure class=\"wp-block-gallery columns-2 is-cropped wp-block-gallery-1 is-layout-flex wp-block-gallery-is-layout-flex\"><ul class=\"blocks-gallery-grid\"><li class=\"blocks-gallery-item\"><figure><img decoding=\"async\" src=\"https:\/\/www.gymnasium-schkeuditz.de\/wp-content\/uploads\/2021\/10\/20211005_073624_2-1030x773.jpg\" alt=\"\" data-id=\"10730\" data-full-url=\"https:\/\/www.gymnasium-schkeuditz.de\/wp-content\/uploads\/2021\/10\/20211005_073624_2-scaled-1.jpg\" data-link=\"https:\/\/www.gymnasium-schkeuditz.de\/2021\/10\/13\/freiwillig-sind-wir-ganz-frueh-aufgestanden\/20211005_073624_2\/\" class=\"wp-image-10730\"\/><\/figure><\/li><li class=\"blocks-gallery-item\"><figure><img decoding=\"async\" src=\"https:\/\/www.gymnasium-schkeuditz.de\/wp-content\/uploads\/2021\/10\/20211005_073900_2-773x1030.jpg\" alt=\"\" data-id=\"10731\" data-full-url=\"https:\/\/www.gymnasium-schkeuditz.de\/wp-content\/uploads\/2021\/10\/20211005_073900_2-scaled-1.jpg\" data-link=\"https:\/\/www.gymnasium-schkeuditz.de\/2021\/10\/13\/freiwillig-sind-wir-ganz-frueh-aufgestanden\/20211005_073900_2\/\" class=\"wp-image-10731\"\/><\/figure><\/li><li class=\"blocks-gallery-item\"><figure><img decoding=\"async\" src=\"https:\/\/www.gymnasium-schkeuditz.de\/wp-content\/uploads\/2021\/10\/20211005_081032_2-1030x773.jpg\" alt=\"\" data-id=\"10732\" data-full-url=\"https:\/\/www.gymnasium-schkeuditz.de\/wp-content\/uploads\/2021\/10\/20211005_081032_2-scaled-1.jpg\" data-link=\"https:\/\/www.gymnasium-schkeuditz.de\/2021\/10\/13\/freiwillig-sind-wir-ganz-frueh-aufgestanden\/20211005_081032_2\/\" class=\"wp-image-10732\"\/><\/figure><\/li><li class=\"blocks-gallery-item\"><figure><img decoding=\"async\" src=\"https:\/\/www.gymnasium-schkeuditz.de\/wp-content\/uploads\/2021\/10\/20211005_085317_2-1030x773.jpg\" alt=\"\" data-id=\"10733\" data-full-url=\"https:\/\/www.gymnasium-schkeuditz.de\/wp-content\/uploads\/2021\/10\/20211005_085317_2-scaled-1.jpg\" data-link=\"https:\/\/www.gymnasium-schkeuditz.de\/2021\/10\/13\/freiwillig-sind-wir-ganz-frueh-aufgestanden\/20211005_085317_2\/\" class=\"wp-image-10733\"\/><\/figure><\/li><\/ul><\/figure>\n","protected":false},"excerpt":{"rendered":"<p>um am 04. Oktober 2021 mit unserer Patenklasse, der Klasse 9d, zusammen zu fr\u00fchst\u00fccken. Schon um 7:30 Uhr kamen die ersten, um gemeinsam die Vorbereitungen zu treffen. Tische verschieben und decken, Servietten falten, Obst schneiden und Tee kochen. Alle haben geholfen, wo sie nur konnten. Ein paar Sch\u00fcler gingen mit Hannah aus der 9d und Frau Neubauer einkaufen. Die restlichen [&hellip;]<\/p>\n","protected":false},"author":2,"featured_media":10698,"comment_status":"closed","ping_status":"closed","sticky":false,"template":"","format":"standard","meta":{"footnotes":""},"categories":[1,7,18,19,27],"tags":[],"class_list":["post-10701","post","type-post","status-publish","format-standard","has-post-thumbnail","hentry","category-aktuelles","category-archiv","category-festetraditionen","category-projekte","category-schuljahr2021-22"],"_links":{"self":[{"href":"https:\/\/www.gymnasium-schkeuditz.de\/index.php?rest_route=\/wp\/v2\/posts\/10701","targetHints":{"allow":["GET"]}}],"collection":[{"href":"https:\/\/www.gymnasium-schkeuditz.de\/index.php?rest_route=\/wp\/v2\/posts"}],"about":[{"href":"https:\/\/www.gymnasium-schkeuditz.de\/index.php?rest_route=\/wp\/v2\/types\/post"}],"author":[{"embeddable":true,"href":"https:\/\/www.gymnasium-schkeuditz.de\/index.php?rest_route=\/wp\/v2\/users\/2"}],"replies":[{"embeddable":true,"href":"https:\/\/www.gymnasium-schkeuditz.de\/index.php?rest_route=%2Fwp%2Fv2%2Fcomments&post=10701"}],"version-history":[{"count":0,"href":"https:\/\/www.gymnasium-schkeuditz.de\/index.php?rest_route=\/wp\/v2\/posts\/10701\/revisions"}],"wp:featuredmedia":[{"embeddable":true,"href":"https:\/\/www.gymnasium-schkeuditz.de\/index.php?rest_route=\/wp\/v2\/media\/10698"}],"wp:attachment":[{"href":"https:\/\/www.gymnasium-schkeuditz.de\/index.php?rest_route=%2Fwp%2Fv2%2Fmedia&parent=10701"}],"wp:term":[{"taxonomy":"category","embeddable":true,"href":"https:\/\/www.gymnasium-schkeuditz.de\/index.php?rest_route=%2Fwp%2Fv2%2Fcategories&post=10701"},{"taxonomy":"post_tag","embeddable":true,"href":"https:\/\/www.gymnasium-schkeuditz.de\/index.php?rest_route=%2Fwp%2Fv2%2Ftags&post=10701"}],"curies":[{"name":"wp","href":"https:\/\/api.w.org\/{rel}","templated":true}]}}