{"id":10688,"date":"2021-10-08T07:16:48","date_gmt":"2021-10-08T05:16:48","guid":{"rendered":"https:\/\/www.gymnasium-schkeuditz.de\/?p=10688"},"modified":"2021-10-08T07:16:48","modified_gmt":"2021-10-08T05:16:48","slug":"wer-zu-hoch-hinaus-will-wird-tief-fallen","status":"publish","type":"post","link":"https:\/\/www.gymnasium-schkeuditz.de\/?p=10688","title":{"rendered":"Wer zu hoch hinaus will, wird tief fallen"},"content":{"rendered":"\n<p>D\u00e4dalus gilt heute als Vorfahre aller Techniker und Bildhauer. Er war ein brillanter K\u00fcnstler und Erfinder der griechischen Mythologie. Sein Sohn Ikarus hingegen wird heutzutage gerne als warnendes Beispiel f\u00fcr den jugendlichen Leichtsinn herangezogen.<\/p>\n\n\n\n<p>Die Erz\u00e4hlung dieser beiden mythologischen Gestalten geh\u00f6rt zu bekanntesten griechischen Mythen der Antike und thematisiert den gro\u00dfen Traum vom Fliegen, den die Menschheit schon seit Jahrhunderten besch\u00e4ftigt.<\/p>\n\n\n\n<p>D\u00e4dalus floh mit seinem Sohn Ikarus nach Kreta. Dort baute der begnadete Architekt das sagenhafte Labyrinth ohne Ausgang f\u00fcr K\u00f6nig Minos, in welches der K\u00f6nig den Minotaurus einsperren lie\u00df. Der Minotaurus ist aus der Liebe zwischen Pasiphae, der Frau des K\u00f6nig Minos und einem Stier entstanden. Er ist halb Tier, halb Mensch. K\u00f6nig Minos verbot D\u00e4dalus und Ikarus, Kreta zu verlassen. Aber die beiden wollten fliehen. Da Minos die Meere genau beobachtete und alle Schiffe kontrollierte, war die einzige Fluchtm\u00f6glichkeit der Himmel. F\u00fcr den talentierten D\u00e4dalus kein Problem; er baute aus Federn und Wachs zwei Paar Fl\u00fcgel, mit denen er und Ikarus Kreta fliegend verlassen konnten. Am Tag der Flucht sch\u00e4rfte D\u00e4dalus seinem Sohn noch einmal ein, nicht zu hoch zu fliegen, da die Sonne sonst das Wachs zum Schmelzen bringen konnte. Allerdings durften sie auch nicht zu tief fliegen, weil sonst die Gischt des Meeres die Fl\u00fcgel durchn\u00e4ssen konnte.<\/p>\n\n\n\n<p>So flogen die beiden los und waren schon bald \u00fcber dem offenen Meer. Der junge Ikarus genoss das Gef\u00fchl, in der Luft zu schweben und stieg \u00fcberm\u00fctig immer h\u00f6her und h\u00f6her.&nbsp;<\/p>\n\n\n\n<p>Es geschah das, wovor ihn sein Vater gewarnt hatte. Er kam der hei\u00dfen Sonne zu nahe und das Wachs, was die Federn seiner Fl\u00fcgel zusammenhielt, schmolz, sodass er ins Meer hinabst\u00fcrzte und ertrank.<\/p>\n\n\n\n<p>Diesen Mythos haben die Latein- Sch\u00fcler der 12. Klasse in eine moderne Form umgeschrieben und als Theaterst\u00fcck aufgef\u00fchrt. Dabei brachten sie geschickt aktuelle Themen zum Ausdruck, wie die Abh\u00e4ngigkeit von technischen Ger\u00e4ten und die gro\u00dfe Unlust in Verbindung mit der Schule. Das St\u00fcck handelte von der Menschheit, die zur (coronabedingten) Faulheit und Verbl\u00f6dung tendiert. Aber eine erfundene Pille soll sie davor bewahren. Allerdings gehen die Meinungen zum Nutzen der Pille weit auseinander. W\u00e4hrend die Erfinderin sie ausschlie\u00dflich als Hilfe f\u00fcr die Menschen sieht, erkennt ihr Sohn darin die M\u00f6glichkeit, gro\u00dfen Profit zu machen und strebt daher eine g\u00fcnstige Massenproduktion an, um mehr und mehr Geld zu verdienen. Das wird ihm letztendlich zum Verh\u00e4ngnis und treibt den jungen Mann in den Tod.<\/p>\n\n\n\n<p>Nach dem Motto: \u201eWer zu hoch hinaus will, wird tief fallen.\u201c haben die Sch\u00fcler ihr Werk durchdacht aufgezogen.<\/p>\n\n\n\n<p>Die Erz\u00e4hlerin leitet durch das St\u00fcck, w\u00e4hrend die Darsteller ihre Rollen sehr \u00fcberzeugend spielen. Dabei wurde so manches Schauspieltalent entdeckt. Mit viel Liebe zum Detail haben sie sich auch um die Kulisse bem\u00fcht, wobei die k\u00fcnstlerischen F\u00e4higkeiten nicht au\u00dfer Acht gelassen werden d\u00fcrfen.<\/p>\n\n\n\n<p>Mit ausgezeichnetem Teamwork haben die Sch\u00fcler ein spannendes Werk auf die B\u00fchne gebracht und an der begeisterten Reaktion der Zuschauer lie\u00df sich ableiten, dass ihr St\u00fcck wirklich gut ankam.<\/p>\n\n\n\n<p>\u00a0\u00a0\u00a0\u00a0\u00a0\u00a0\u00a0\u00a0\u00a0\u00a0\u00a0\u00a0\u00a0\u00a0\u00a0\u00a0\u00a0\u00a0\u00a0\u00a0\u00a0\u00a0\u00a0\u00a0\u00a0\u00a0\u00a0\u00a0\u00a0\u00a0\u00a0\u00a0\u00a0\u00a0\u00a0\u00a0\u00a0\u00a0\u00a0\u00a0\u00a0\u00a0\u00a0\u00a0\u00a0\u00a0\u00a0\u00a0\u00a0\u00a0\u00a0\u00a0\u00a0\u00a0\u00a0\u00a0\u00a0\u00a0\u00a0\u00a0\u00a0\u00a0\u00a0\u00a0\u00a0\u00a0\u00a0\u00a0\u00a0\u00a0\u00a0\u00a0\u00a0\u00a0\u00a0\u00a0\u00a0\u00a0\u00a0\u00a0\u00a0\u00a0\u00a0\u00a0\u00a0\u00a0\u00a0\u00a0\u00a0\u00a0\u00a0\u00a0\u00a0\u00a0\u00a0\u00a0\u00a0\u00a0\u00a0\u00a0\u00a0\u00a0\u00a0\u00a0\u00a0\u00a0\u00a0\u00a0\u00a0\u00a0\u00a0\u00a0\u00a0\u00a0\u00a0\u00a0\u00a0\u00a0<\/p>\n\n\n\n<p>Hanna D\u00e4hnert<\/p>\n\n\n\n<figure class=\"wp-block-gallery columns-3 is-cropped wp-block-gallery-1 is-layout-flex wp-block-gallery-is-layout-flex\"><ul class=\"blocks-gallery-grid\"><li class=\"blocks-gallery-item\"><figure><img decoding=\"async\" src=\"https:\/\/www.gymnasium-schkeuditz.de\/wp-content\/uploads\/2021\/10\/20211005_1404530-1030x773.jpg\" alt=\"\" data-id=\"10695\" data-full-url=\"https:\/\/www.gymnasium-schkeuditz.de\/wp-content\/uploads\/2021\/10\/20211005_1404530-scaled-1.jpg\" data-link=\"https:\/\/www.gymnasium-schkeuditz.de\/?attachment_id=10695\" class=\"wp-image-10695\"\/><\/figure><\/li><li class=\"blocks-gallery-item\"><figure><img decoding=\"async\" src=\"https:\/\/www.gymnasium-schkeuditz.de\/wp-content\/uploads\/2021\/10\/20211005_140121-1030x773.jpg\" alt=\"\" data-id=\"10694\" data-full-url=\"https:\/\/www.gymnasium-schkeuditz.de\/wp-content\/uploads\/2021\/10\/20211005_140121-scaled-1.jpg\" data-link=\"https:\/\/www.gymnasium-schkeuditz.de\/?attachment_id=10694\" class=\"wp-image-10694\"\/><\/figure><\/li><li class=\"blocks-gallery-item\"><figure><img decoding=\"async\" src=\"https:\/\/www.gymnasium-schkeuditz.de\/wp-content\/uploads\/2021\/10\/20211005_135940-1030x773.jpg\" alt=\"\" data-id=\"10693\" data-full-url=\"https:\/\/www.gymnasium-schkeuditz.de\/wp-content\/uploads\/2021\/10\/20211005_135940-scaled-1.jpg\" data-link=\"https:\/\/www.gymnasium-schkeuditz.de\/?attachment_id=10693\" class=\"wp-image-10693\"\/><\/figure><\/li><li class=\"blocks-gallery-item\"><figure><img decoding=\"async\" src=\"https:\/\/www.gymnasium-schkeuditz.de\/wp-content\/uploads\/2021\/10\/20211005_135935-1030x773.jpg\" alt=\"\" data-id=\"10692\" data-full-url=\"https:\/\/www.gymnasium-schkeuditz.de\/wp-content\/uploads\/2021\/10\/20211005_135935-scaled-1.jpg\" data-link=\"https:\/\/www.gymnasium-schkeuditz.de\/?attachment_id=10692\" class=\"wp-image-10692\"\/><\/figure><\/li><li class=\"blocks-gallery-item\"><figure><img decoding=\"async\" src=\"https:\/\/www.gymnasium-schkeuditz.de\/wp-content\/uploads\/2021\/10\/20211005_135658-1030x773.jpg\" alt=\"\" data-id=\"10691\" data-full-url=\"https:\/\/www.gymnasium-schkeuditz.de\/wp-content\/uploads\/2021\/10\/20211005_135658-scaled-1.jpg\" data-link=\"https:\/\/www.gymnasium-schkeuditz.de\/?attachment_id=10691\" class=\"wp-image-10691\"\/><\/figure><\/li><li class=\"blocks-gallery-item\"><figure><img decoding=\"async\" src=\"https:\/\/www.gymnasium-schkeuditz.de\/wp-content\/uploads\/2021\/10\/20211005_135605-1030x773.jpg\" alt=\"\" data-id=\"10690\" data-full-url=\"https:\/\/www.gymnasium-schkeuditz.de\/wp-content\/uploads\/2021\/10\/20211005_135605-scaled-1.jpg\" data-link=\"https:\/\/www.gymnasium-schkeuditz.de\/?attachment_id=10690\" class=\"wp-image-10690\"\/><\/figure><\/li><li class=\"blocks-gallery-item\"><figure><img decoding=\"async\" src=\"https:\/\/www.gymnasium-schkeuditz.de\/wp-content\/uploads\/2021\/10\/20211005_133819-1030x773.jpg\" alt=\"\" data-id=\"10689\" data-full-url=\"https:\/\/www.gymnasium-schkeuditz.de\/wp-content\/uploads\/2021\/10\/20211005_133819-scaled-1.jpg\" data-link=\"https:\/\/www.gymnasium-schkeuditz.de\/?attachment_id=10689\" class=\"wp-image-10689\"\/><\/figure><\/li><\/ul><\/figure>\n","protected":false},"excerpt":{"rendered":"<p>D\u00e4dalus gilt heute als Vorfahre aller Techniker und Bildhauer. Er war ein brillanter K\u00fcnstler und Erfinder der griechischen Mythologie. Sein Sohn Ikarus hingegen wird heutzutage gerne als warnendes Beispiel f\u00fcr den jugendlichen Leichtsinn herangezogen. Die Erz\u00e4hlung dieser beiden mythologischen Gestalten geh\u00f6rt zu bekanntesten griechischen Mythen der Antike und thematisiert den gro\u00dfen Traum vom Fliegen, den die Menschheit schon seit Jahrhunderten [&hellip;]<\/p>\n","protected":false},"author":2,"featured_media":10695,"comment_status":"closed","ping_status":"closed","sticky":false,"template":"","format":"standard","meta":{"footnotes":""},"categories":[1,7,19,27],"tags":[],"class_list":["post-10688","post","type-post","status-publish","format-standard","has-post-thumbnail","hentry","category-aktuelles","category-archiv","category-projekte","category-schuljahr2021-22"],"_links":{"self":[{"href":"https:\/\/www.gymnasium-schkeuditz.de\/index.php?rest_route=\/wp\/v2\/posts\/10688","targetHints":{"allow":["GET"]}}],"collection":[{"href":"https:\/\/www.gymnasium-schkeuditz.de\/index.php?rest_route=\/wp\/v2\/posts"}],"about":[{"href":"https:\/\/www.gymnasium-schkeuditz.de\/index.php?rest_route=\/wp\/v2\/types\/post"}],"author":[{"embeddable":true,"href":"https:\/\/www.gymnasium-schkeuditz.de\/index.php?rest_route=\/wp\/v2\/users\/2"}],"replies":[{"embeddable":true,"href":"https:\/\/www.gymnasium-schkeuditz.de\/index.php?rest_route=%2Fwp%2Fv2%2Fcomments&post=10688"}],"version-history":[{"count":0,"href":"https:\/\/www.gymnasium-schkeuditz.de\/index.php?rest_route=\/wp\/v2\/posts\/10688\/revisions"}],"wp:featuredmedia":[{"embeddable":true,"href":"https:\/\/www.gymnasium-schkeuditz.de\/index.php?rest_route=\/wp\/v2\/media\/10695"}],"wp:attachment":[{"href":"https:\/\/www.gymnasium-schkeuditz.de\/index.php?rest_route=%2Fwp%2Fv2%2Fmedia&parent=10688"}],"wp:term":[{"taxonomy":"category","embeddable":true,"href":"https:\/\/www.gymnasium-schkeuditz.de\/index.php?rest_route=%2Fwp%2Fv2%2Fcategories&post=10688"},{"taxonomy":"post_tag","embeddable":true,"href":"https:\/\/www.gymnasium-schkeuditz.de\/index.php?rest_route=%2Fwp%2Fv2%2Ftags&post=10688"}],"curies":[{"name":"wp","href":"https:\/\/api.w.org\/{rel}","templated":true}]}}