{"id":10678,"date":"2021-09-29T21:39:44","date_gmt":"2021-09-29T19:39:44","guid":{"rendered":"https:\/\/www.gymnasium-schkeuditz.de\/?p=10678"},"modified":"2021-09-29T21:39:44","modified_gmt":"2021-09-29T19:39:44","slug":"ein-starker-foerderverein-fuer-eine-starke-schule","status":"publish","type":"post","link":"https:\/\/www.gymnasium-schkeuditz.de\/?p=10678","title":{"rendered":"Ein starker F\u00f6rderverein f\u00fcr eine starke Schule"},"content":{"rendered":"\n<p>Am 28. September 2021 fand die Mitgliederversammlung des F\u00f6rdervereins unseres Gymnasiums statt. In einem R\u00fcckblick auf die vergangenen zwei Jahre wurde deutlich, wie viele Projekte mit Hilfe der Mitgliedsbeitr\u00e4ge und Spenden der Vereinsmitglieder sowie Sponsoren gef\u00f6rdert werden konnten. Der Ausblick auf kommende Aufgaben zeigt, wie stark sich der F\u00f6rderverein auch k\u00fcnftig an unserer Schule engagieren wird.<\/p>\n\n\n\n<p>Neben der Namens\u00e4nderung in den \u201eF\u00f6rderverein des Maria-Merian-Gymnasiums\u201c wurde&nbsp;&nbsp;einigen Mitgliedern des Vorstandes f\u00fcr ihre langj\u00e4hrige T\u00e4tigkeit zum Wohle der Sch\u00fcler und der Schule gedankt. Der bisherige Vorsitzende Herr Boeck, seine Stellvertreterin Frau Dr. Berlich, der Finanzwart Herr Schroeder und der Beisitzer Herr Hoppe ziehen sich nunmehr zur\u00fcck und machen Platz f\u00fcr ihre Nachfolger. Mit der neuen Vorsitzenden Frau Hoh, der Stellvertreterin Frau Hochleiter, dem Kassenwart Herrn Hagen und den beiden neuen Beisitzern Frau M\u00f6ritz und Herrn K\u00fcbler sowie mit dem bisherigen Schriftf\u00fchrer Herrn Krebs und der Beisitzerin Frau Lattauschke werden die Hauptaufgaben des Vereins, die F\u00f6rderung von Ausstattung, Projekten und kulturellem Leben an der Schule auch in Zukunft kontinuierlich fortgesetzt.&nbsp;<\/p>\n\n\n\n<p>Ein besonders sch\u00f6nes Geschenk zum Abschied erhielt die Schule von Frau Dr. Berlich: ein Faksimile des \u201eNeuen Blumenbuches\u201c von Maria Merian, welches bald im Schulhaus zu sehen sein wird.&nbsp;<\/p>\n\n\n\n<p>Umrahmt wurde die von zahlreichen G\u00e4sten besuchte Veranstaltung dankenswerterweise durch zwei Musikst\u00fccke. F\u00fcr eine gute Stimmung sorgten Sophia Weichert auf der Gitarre und die Lehrerband der Schule. F\u00fcr das leibliche Wohl sorgten die Kurssch\u00fcler von Frau Rohr aus der Klassenstufe 12.&nbsp;<\/p>\n\n\n\n<p>Weitere Informationen und Ver\u00e4nderungen in der Satzung des F\u00f6rdervereins des Maria-Merian-Gymnasiums Schkeuditz kann man demn\u00e4chst auf der F\u00f6rdervereinsseite der Schulhomepage nachlesen.&nbsp;<\/p>\n\n\n\n<p>Werden auch Sie Mitglied des F\u00f6rdervereins f\u00fcr eine starke Schule!<\/p>\n\n\n\n<p>S. Krebs<\/p>\n\n\n\n<figure class=\"wp-block-image size-large\"><img decoding=\"async\" src=\"https:\/\/www.gymnasium-schkeuditz.de\/wp-content\/uploads\/2021\/09\/DSC04672-1030x773.jpg\" alt=\"\" class=\"wp-image-10679\"\/><\/figure>\n","protected":false},"excerpt":{"rendered":"<p>Am 28. September 2021 fand die Mitgliederversammlung des F\u00f6rdervereins unseres Gymnasiums statt. In einem R\u00fcckblick auf die vergangenen zwei Jahre wurde deutlich, wie viele Projekte mit Hilfe der Mitgliedsbeitr\u00e4ge und Spenden der Vereinsmitglieder sowie Sponsoren gef\u00f6rdert werden konnten. Der Ausblick auf kommende Aufgaben zeigt, wie stark sich der F\u00f6rderverein auch k\u00fcnftig an unserer Schule engagieren wird. Neben der Namens\u00e4nderung in [&hellip;]<\/p>\n","protected":false},"author":2,"featured_media":10681,"comment_status":"closed","ping_status":"closed","sticky":false,"template":"","format":"standard","meta":{"footnotes":""},"categories":[1,7,18,19,27],"tags":[],"class_list":["post-10678","post","type-post","status-publish","format-standard","has-post-thumbnail","hentry","category-aktuelles","category-archiv","category-festetraditionen","category-projekte","category-schuljahr2021-22"],"_links":{"self":[{"href":"https:\/\/www.gymnasium-schkeuditz.de\/index.php?rest_route=\/wp\/v2\/posts\/10678","targetHints":{"allow":["GET"]}}],"collection":[{"href":"https:\/\/www.gymnasium-schkeuditz.de\/index.php?rest_route=\/wp\/v2\/posts"}],"about":[{"href":"https:\/\/www.gymnasium-schkeuditz.de\/index.php?rest_route=\/wp\/v2\/types\/post"}],"author":[{"embeddable":true,"href":"https:\/\/www.gymnasium-schkeuditz.de\/index.php?rest_route=\/wp\/v2\/users\/2"}],"replies":[{"embeddable":true,"href":"https:\/\/www.gymnasium-schkeuditz.de\/index.php?rest_route=%2Fwp%2Fv2%2Fcomments&post=10678"}],"version-history":[{"count":0,"href":"https:\/\/www.gymnasium-schkeuditz.de\/index.php?rest_route=\/wp\/v2\/posts\/10678\/revisions"}],"wp:featuredmedia":[{"embeddable":true,"href":"https:\/\/www.gymnasium-schkeuditz.de\/index.php?rest_route=\/wp\/v2\/media\/10681"}],"wp:attachment":[{"href":"https:\/\/www.gymnasium-schkeuditz.de\/index.php?rest_route=%2Fwp%2Fv2%2Fmedia&parent=10678"}],"wp:term":[{"taxonomy":"category","embeddable":true,"href":"https:\/\/www.gymnasium-schkeuditz.de\/index.php?rest_route=%2Fwp%2Fv2%2Fcategories&post=10678"},{"taxonomy":"post_tag","embeddable":true,"href":"https:\/\/www.gymnasium-schkeuditz.de\/index.php?rest_route=%2Fwp%2Fv2%2Ftags&post=10678"}],"curies":[{"name":"wp","href":"https:\/\/api.w.org\/{rel}","templated":true}]}}