{"id":10641,"date":"2021-09-17T08:29:00","date_gmt":"2021-09-17T06:29:00","guid":{"rendered":"https:\/\/www.gymnasium-schkeuditz.de\/?p=10641"},"modified":"2021-09-17T08:29:00","modified_gmt":"2021-09-17T06:29:00","slug":"herzlich-willkommen","status":"publish","type":"post","link":"https:\/\/www.gymnasium-schkeuditz.de\/?p=10641","title":{"rendered":"Herzlich willkommen!"},"content":{"rendered":"\n<p>Gro\u00df war die Aufregung der F\u00fcnftkl\u00e4ssler am ersten Schultag. Neue Schule, neue Klasse, neue Lehrer. Vor vier Jahren standen wir an demselben Punkt. Daher konnten wir gut nachvollziehen, wie sich das anf\u00fchlt. Und so \u00fcbernahmen wir sehr gern die Verantwortung als Patenklasse f\u00fcr die Neuank\u00f6mmlinge. Jeweils zwei Neuntkl\u00e4ssler nahmen zwei bis drei F\u00fcnftkl\u00e4ssler mit und zeigten ihnen die Schule. Au\u00dferdem hatte Frau Molzahn eine Zuckert\u00fcten-\u00dcbergabe organisiert \u2013 die geh\u00f6rt schlie\u00dflich zu einem ersten Schultag dazu. Unsere neuen Patenkinder bedankten sich bei uns mit liebevollen, kleinen Briefen, die sie im Deutschunterricht geschrieben hatten. Die werden wir auf jeden Fall als Erinnerung aufbewahren. Wir freuen uns auf ein erlebnisreiches Schuljahr mit unserer Patenklasse und sind f\u00fcr Fragen und Probleme immer offen. Ihr schafft das!<\/p>\n\n\n\n<p>Clarissa Thieme &amp; Ruby Wolkowicz, Klasse 9d<\/p>\n\n\n\n<figure class=\"wp-block-gallery columns-2 is-cropped wp-block-gallery-1 is-layout-flex wp-block-gallery-is-layout-flex\"><ul class=\"blocks-gallery-grid\"><li class=\"blocks-gallery-item\"><figure><img decoding=\"async\" src=\"https:\/\/www.gymnasium-schkeuditz.de\/wp-content\/uploads\/2021\/09\/20210910_094840-773x1030.jpg\" alt=\"\" data-id=\"10645\" data-full-url=\"https:\/\/www.gymnasium-schkeuditz.de\/wp-content\/uploads\/2021\/09\/20210910_094840-scaled-1.jpg\" data-link=\"https:\/\/www.gymnasium-schkeuditz.de\/?attachment_id=10645\" class=\"wp-image-10645\"\/><\/figure><\/li><li class=\"blocks-gallery-item\"><figure><img decoding=\"async\" src=\"https:\/\/www.gymnasium-schkeuditz.de\/wp-content\/uploads\/2021\/09\/20210910_093700-1030x773.jpg\" alt=\"\" data-id=\"10644\" data-full-url=\"https:\/\/www.gymnasium-schkeuditz.de\/wp-content\/uploads\/2021\/09\/20210910_093700-scaled-1.jpg\" data-link=\"https:\/\/www.gymnasium-schkeuditz.de\/?attachment_id=10644\" class=\"wp-image-10644\"\/><\/figure><\/li><li class=\"blocks-gallery-item\"><figure><img decoding=\"async\" src=\"https:\/\/www.gymnasium-schkeuditz.de\/wp-content\/uploads\/2021\/09\/20210910_093656-1030x773.jpg\" alt=\"\" data-id=\"10643\" data-full-url=\"https:\/\/www.gymnasium-schkeuditz.de\/wp-content\/uploads\/2021\/09\/20210910_093656-scaled-1.jpg\" data-link=\"https:\/\/www.gymnasium-schkeuditz.de\/?attachment_id=10643\" class=\"wp-image-10643\"\/><\/figure><\/li><li class=\"blocks-gallery-item\"><figure><img decoding=\"async\" src=\"https:\/\/www.gymnasium-schkeuditz.de\/wp-content\/uploads\/2021\/09\/20210909_110022-1030x773.jpg\" alt=\"\" data-id=\"10642\" data-full-url=\"https:\/\/www.gymnasium-schkeuditz.de\/wp-content\/uploads\/2021\/09\/20210909_110022-scaled-1.jpg\" data-link=\"https:\/\/www.gymnasium-schkeuditz.de\/?attachment_id=10642\" class=\"wp-image-10642\"\/><\/figure><\/li><\/ul><\/figure>\n","protected":false},"excerpt":{"rendered":"<p>Gro\u00df war die Aufregung der F\u00fcnftkl\u00e4ssler am ersten Schultag. Neue Schule, neue Klasse, neue Lehrer. Vor vier Jahren standen wir an demselben Punkt. Daher konnten wir gut nachvollziehen, wie sich das anf\u00fchlt. Und so \u00fcbernahmen wir sehr gern die Verantwortung als Patenklasse f\u00fcr die Neuank\u00f6mmlinge. Jeweils zwei Neuntkl\u00e4ssler nahmen zwei bis drei F\u00fcnftkl\u00e4ssler mit und zeigten ihnen die Schule. Au\u00dferdem [&hellip;]<\/p>\n","protected":false},"author":2,"featured_media":10645,"comment_status":"closed","ping_status":"closed","sticky":false,"template":"","format":"standard","meta":{"footnotes":""},"categories":[1,7,18,27],"tags":[],"class_list":["post-10641","post","type-post","status-publish","format-standard","has-post-thumbnail","hentry","category-aktuelles","category-archiv","category-festetraditionen","category-schuljahr2021-22"],"_links":{"self":[{"href":"https:\/\/www.gymnasium-schkeuditz.de\/index.php?rest_route=\/wp\/v2\/posts\/10641","targetHints":{"allow":["GET"]}}],"collection":[{"href":"https:\/\/www.gymnasium-schkeuditz.de\/index.php?rest_route=\/wp\/v2\/posts"}],"about":[{"href":"https:\/\/www.gymnasium-schkeuditz.de\/index.php?rest_route=\/wp\/v2\/types\/post"}],"author":[{"embeddable":true,"href":"https:\/\/www.gymnasium-schkeuditz.de\/index.php?rest_route=\/wp\/v2\/users\/2"}],"replies":[{"embeddable":true,"href":"https:\/\/www.gymnasium-schkeuditz.de\/index.php?rest_route=%2Fwp%2Fv2%2Fcomments&post=10641"}],"version-history":[{"count":0,"href":"https:\/\/www.gymnasium-schkeuditz.de\/index.php?rest_route=\/wp\/v2\/posts\/10641\/revisions"}],"wp:featuredmedia":[{"embeddable":true,"href":"https:\/\/www.gymnasium-schkeuditz.de\/index.php?rest_route=\/wp\/v2\/media\/10645"}],"wp:attachment":[{"href":"https:\/\/www.gymnasium-schkeuditz.de\/index.php?rest_route=%2Fwp%2Fv2%2Fmedia&parent=10641"}],"wp:term":[{"taxonomy":"category","embeddable":true,"href":"https:\/\/www.gymnasium-schkeuditz.de\/index.php?rest_route=%2Fwp%2Fv2%2Fcategories&post=10641"},{"taxonomy":"post_tag","embeddable":true,"href":"https:\/\/www.gymnasium-schkeuditz.de\/index.php?rest_route=%2Fwp%2Fv2%2Ftags&post=10641"}],"curies":[{"name":"wp","href":"https:\/\/api.w.org\/{rel}","templated":true}]}}