{"id":10518,"date":"2021-04-26T08:28:03","date_gmt":"2021-04-26T06:28:03","guid":{"rendered":"https:\/\/www.gymnasium-schkeuditz.de\/?p=10518"},"modified":"2021-04-26T08:28:03","modified_gmt":"2021-04-26T06:28:03","slug":"die-kol-und-ihre-verteidigung","status":"publish","type":"post","link":"https:\/\/www.gymnasium-schkeuditz.de\/?p=10518","title":{"rendered":"Die KOL und ihre Verteidigung"},"content":{"rendered":"\n<p><br>Wir, die Sch\u00fcler der 10. Klassen haben in diesem Schuljahr unsere komplexe Leistung geschrieben. Aufgrund der Pandemie wurden die Pr\u00e4sentationen in den letzten Wochen entweder per Videokonferenz oder im Pr\u00e4senzunterricht fast ausschlie\u00dflich ohne Zuschauer gehalten. Doch wir Sch\u00fcler und auch unsere Betreuer haben versucht, das Beste aus der Situation zu machen. Lina Richter (Bild) hat ihre KOL, die von Herrn Quei\u00dfer betreut wurde, \u00fcber den Ringkampf und seine Bedeutung bei den olympischen Spielen geschrieben und sie vor lediglich drei Zuh\u00f6rern mit einem gelungenen Vortrag verteidigt. Die komplexen Leistungen konnten auch in diesem Jahr &#8211; trotz der derzeitigen Lage &#8211; ohne gro\u00dfe Probleme gemeistert werden.<\/p>\n\n\n\n<p>Lea Seyferth, 10d<\/p>\n\n\n\n<p><\/p>\n\n\n\n<figure class=\"wp-block-image size-large is-style-default\"><img decoding=\"async\" src=\"https:\/\/www.gymnasium-schkeuditz.de\/wp-content\/uploads\/2021\/04\/IMG_20210420_142226-1030x773.jpg\" alt=\"\" class=\"wp-image-10519\"\/><\/figure>\n","protected":false},"excerpt":{"rendered":"<p>Wir, die Sch\u00fcler der 10. Klassen haben in diesem Schuljahr unsere komplexe Leistung geschrieben. Aufgrund der Pandemie wurden die Pr\u00e4sentationen in den letzten Wochen entweder per Videokonferenz oder im Pr\u00e4senzunterricht fast ausschlie\u00dflich ohne Zuschauer gehalten. Doch wir Sch\u00fcler und auch unsere Betreuer haben versucht, das Beste aus der Situation zu machen. Lina Richter (Bild) hat ihre KOL, die von Herrn [&hellip;]<\/p>\n","protected":false},"author":2,"featured_media":10519,"comment_status":"closed","ping_status":"closed","sticky":false,"template":"","format":"standard","meta":{"footnotes":""},"categories":[7,18,26],"tags":[],"class_list":["post-10518","post","type-post","status-publish","format-standard","has-post-thumbnail","hentry","category-archiv","category-festetraditionen","category-schuljahr2020-21"],"_links":{"self":[{"href":"https:\/\/www.gymnasium-schkeuditz.de\/index.php?rest_route=\/wp\/v2\/posts\/10518","targetHints":{"allow":["GET"]}}],"collection":[{"href":"https:\/\/www.gymnasium-schkeuditz.de\/index.php?rest_route=\/wp\/v2\/posts"}],"about":[{"href":"https:\/\/www.gymnasium-schkeuditz.de\/index.php?rest_route=\/wp\/v2\/types\/post"}],"author":[{"embeddable":true,"href":"https:\/\/www.gymnasium-schkeuditz.de\/index.php?rest_route=\/wp\/v2\/users\/2"}],"replies":[{"embeddable":true,"href":"https:\/\/www.gymnasium-schkeuditz.de\/index.php?rest_route=%2Fwp%2Fv2%2Fcomments&post=10518"}],"version-history":[{"count":0,"href":"https:\/\/www.gymnasium-schkeuditz.de\/index.php?rest_route=\/wp\/v2\/posts\/10518\/revisions"}],"wp:featuredmedia":[{"embeddable":true,"href":"https:\/\/www.gymnasium-schkeuditz.de\/index.php?rest_route=\/wp\/v2\/media\/10519"}],"wp:attachment":[{"href":"https:\/\/www.gymnasium-schkeuditz.de\/index.php?rest_route=%2Fwp%2Fv2%2Fmedia&parent=10518"}],"wp:term":[{"taxonomy":"category","embeddable":true,"href":"https:\/\/www.gymnasium-schkeuditz.de\/index.php?rest_route=%2Fwp%2Fv2%2Fcategories&post=10518"},{"taxonomy":"post_tag","embeddable":true,"href":"https:\/\/www.gymnasium-schkeuditz.de\/index.php?rest_route=%2Fwp%2Fv2%2Ftags&post=10518"}],"curies":[{"name":"wp","href":"https:\/\/api.w.org\/{rel}","templated":true}]}}