{"id":10506,"date":"2021-04-21T17:50:58","date_gmt":"2021-04-21T15:50:58","guid":{"rendered":"https:\/\/www.gymnasium-schkeuditz.de\/?p=10506"},"modified":"2021-04-21T17:50:58","modified_gmt":"2021-04-21T15:50:58","slug":"abwechslung-im-schulalltag","status":"publish","type":"post","link":"https:\/\/www.gymnasium-schkeuditz.de\/?p=10506","title":{"rendered":"Abwechslung im Schulalltag"},"content":{"rendered":"\n<p>Abwechslung- Die brauchen wir wohl alle gerade inmitten unseres eint\u00f6nigen Schulalltages. Wir zw\u00f6lften Klassen hatten das Gl\u00fcck mit der Motto Woche ab dem 12.04.2021 mit verschiedensten Kost\u00fcmen etwas Farbe in den sonst grauen, vom Pr\u00fcfungsstress dominierten Alltag zu bringen. Froh, dass die Motto Woche dieses Jahr stattfinden konnte, suchten wir uns f\u00fcnf verschiedene Mottos heraus. Kindheitshelden, die uns an den Beginn unserer Schulzeit erinnerten, bildeten den Anfang der Woche. Bibi und Tinas, Super Marios und Pippi Langstrumpfs wurden am darauffolgenden Tag von Pyjamas und schr\u00e4gen Kost\u00fcmen des Mottos Bad Taste abgel\u00f6st, die eine bunte und lockere Lernatmosph\u00e4re kreierten. Jedoch ver\u00e4nderte die Business-Kleidung am dritten Tag die Atmosph\u00e4re schlagartig und gab uns schon einmal einen Einblick in die zuk\u00fcnftige Arbeitswelt. Den Abschluss bildeten Filmhelden wie Figuren aus \u201eHarry Potter\u201c oder den \u201eTributen von Panem\u201c, die die Stimmung vor den finalen Pr\u00fcfungen auflockern konnten.&nbsp;<\/p>\n\n\n\n<p>Wir hoffen, wir haben auch den j\u00fcngeren Sch\u00fclern und auch den Lehrern etwas Farbe und Abwechslung in den Alltag gebracht und konnten durch spannende und lustige Kost\u00fcme mach einen zum L\u00e4cheln bringen.&nbsp;<\/p>\n\n\n\n<p>Luise, Klasse 12&nbsp;<\/p>\n\n\n\n<figure class=\"wp-block-gallery columns-2 is-cropped wp-block-gallery-1 is-layout-flex wp-block-gallery-is-layout-flex\"><ul class=\"blocks-gallery-grid\"><li class=\"blocks-gallery-item\"><figure><img decoding=\"async\" src=\"https:\/\/www.gymnasium-schkeuditz.de\/wp-content\/uploads\/2021\/04\/40a553b5-e8ff-48e5-ad7e-249185acecf2-1030x773.jpg\" alt=\"\" data-id=\"10509\" data-full-url=\"https:\/\/www.gymnasium-schkeuditz.de\/wp-content\/uploads\/2021\/04\/40a553b5-e8ff-48e5-ad7e-249185acecf2.jpg\" data-link=\"https:\/\/www.gymnasium-schkeuditz.de\/?attachment_id=10509\" class=\"wp-image-10509\"\/><\/figure><\/li><li class=\"blocks-gallery-item\"><figure><img decoding=\"async\" src=\"https:\/\/www.gymnasium-schkeuditz.de\/wp-content\/uploads\/2021\/04\/38f3b5c9-3e4d-45c4-a0fa-9cc941f3650e-1030x773.jpg\" alt=\"\" data-id=\"10508\" data-full-url=\"https:\/\/www.gymnasium-schkeuditz.de\/wp-content\/uploads\/2021\/04\/38f3b5c9-3e4d-45c4-a0fa-9cc941f3650e.jpg\" data-link=\"https:\/\/www.gymnasium-schkeuditz.de\/?attachment_id=10508\" class=\"wp-image-10508\"\/><\/figure><\/li><li class=\"blocks-gallery-item\"><figure><img decoding=\"async\" src=\"https:\/\/www.gymnasium-schkeuditz.de\/wp-content\/uploads\/2021\/04\/34e0eefe-f40b-414b-af1a-54dcc5448dfb-1030x912.jpg\" alt=\"\" data-id=\"10507\" data-full-url=\"https:\/\/www.gymnasium-schkeuditz.de\/wp-content\/uploads\/2021\/04\/34e0eefe-f40b-414b-af1a-54dcc5448dfb.jpg\" data-link=\"https:\/\/www.gymnasium-schkeuditz.de\/?attachment_id=10507\" class=\"wp-image-10507\"\/><\/figure><\/li><li class=\"blocks-gallery-item\"><figure><img decoding=\"async\" src=\"https:\/\/www.gymnasium-schkeuditz.de\/wp-content\/uploads\/2021\/04\/42fa1f66-b44c-432d-9d89-e6595f22b6ce-773x1030.jpg\" alt=\"\" data-id=\"10510\" data-full-url=\"https:\/\/www.gymnasium-schkeuditz.de\/wp-content\/uploads\/2021\/04\/42fa1f66-b44c-432d-9d89-e6595f22b6ce.jpg\" data-link=\"https:\/\/www.gymnasium-schkeuditz.de\/?attachment_id=10510\" class=\"wp-image-10510\"\/><\/figure><\/li><li class=\"blocks-gallery-item\"><figure><img decoding=\"async\" src=\"https:\/\/www.gymnasium-schkeuditz.de\/wp-content\/uploads\/2021\/04\/7498aef8-72f9-4f85-b01d-ba49084eced8-1030x1030.jpg\" alt=\"\" data-id=\"10511\" data-full-url=\"https:\/\/www.gymnasium-schkeuditz.de\/wp-content\/uploads\/2021\/04\/7498aef8-72f9-4f85-b01d-ba49084eced8.jpg\" data-link=\"https:\/\/www.gymnasium-schkeuditz.de\/?attachment_id=10511\" class=\"wp-image-10511\"\/><\/figure><\/li><li class=\"blocks-gallery-item\"><figure><img decoding=\"async\" src=\"https:\/\/www.gymnasium-schkeuditz.de\/wp-content\/uploads\/2021\/04\/c2cdedc3-d43e-44ce-a795-aa59b10e15ce-773x1030.jpg\" alt=\"\" data-id=\"10513\" data-full-url=\"https:\/\/www.gymnasium-schkeuditz.de\/wp-content\/uploads\/2021\/04\/c2cdedc3-d43e-44ce-a795-aa59b10e15ce.jpg\" data-link=\"https:\/\/www.gymnasium-schkeuditz.de\/?attachment_id=10513\" class=\"wp-image-10513\"\/><\/figure><\/li><li class=\"blocks-gallery-item\"><figure><img decoding=\"async\" src=\"https:\/\/www.gymnasium-schkeuditz.de\/wp-content\/uploads\/2021\/04\/bad9079f-2c97-424c-93a6-86476b7f3308-1030x773.jpg\" alt=\"\" data-id=\"10512\" data-full-url=\"https:\/\/www.gymnasium-schkeuditz.de\/wp-content\/uploads\/2021\/04\/bad9079f-2c97-424c-93a6-86476b7f3308.jpg\" data-link=\"https:\/\/www.gymnasium-schkeuditz.de\/?attachment_id=10512\" class=\"wp-image-10512\"\/><\/figure><\/li><li class=\"blocks-gallery-item\"><figure><img decoding=\"async\" src=\"https:\/\/www.gymnasium-schkeuditz.de\/wp-content\/uploads\/2021\/04\/fcd11698-8841-4ae6-a9e2-d7c5464d124a-1030x773.jpg\" alt=\"\" data-id=\"10514\" data-full-url=\"https:\/\/www.gymnasium-schkeuditz.de\/wp-content\/uploads\/2021\/04\/fcd11698-8841-4ae6-a9e2-d7c5464d124a.jpg\" data-link=\"https:\/\/www.gymnasium-schkeuditz.de\/?attachment_id=10514\" class=\"wp-image-10514\"\/><\/figure><\/li><\/ul><\/figure>\n","protected":false},"excerpt":{"rendered":"<p>Abwechslung- Die brauchen wir wohl alle gerade inmitten unseres eint\u00f6nigen Schulalltages. Wir zw\u00f6lften Klassen hatten das Gl\u00fcck mit der Motto Woche ab dem 12.04.2021 mit verschiedensten Kost\u00fcmen etwas Farbe in den sonst grauen, vom Pr\u00fcfungsstress dominierten Alltag zu bringen. Froh, dass die Motto Woche dieses Jahr stattfinden konnte, suchten wir uns f\u00fcnf verschiedene Mottos heraus. Kindheitshelden, die uns an den [&hellip;]<\/p>\n","protected":false},"author":2,"featured_media":10508,"comment_status":"closed","ping_status":"closed","sticky":false,"template":"","format":"standard","meta":{"footnotes":""},"categories":[1,7,18,26],"tags":[],"class_list":["post-10506","post","type-post","status-publish","format-standard","has-post-thumbnail","hentry","category-aktuelles","category-archiv","category-festetraditionen","category-schuljahr2020-21"],"_links":{"self":[{"href":"https:\/\/www.gymnasium-schkeuditz.de\/index.php?rest_route=\/wp\/v2\/posts\/10506","targetHints":{"allow":["GET"]}}],"collection":[{"href":"https:\/\/www.gymnasium-schkeuditz.de\/index.php?rest_route=\/wp\/v2\/posts"}],"about":[{"href":"https:\/\/www.gymnasium-schkeuditz.de\/index.php?rest_route=\/wp\/v2\/types\/post"}],"author":[{"embeddable":true,"href":"https:\/\/www.gymnasium-schkeuditz.de\/index.php?rest_route=\/wp\/v2\/users\/2"}],"replies":[{"embeddable":true,"href":"https:\/\/www.gymnasium-schkeuditz.de\/index.php?rest_route=%2Fwp%2Fv2%2Fcomments&post=10506"}],"version-history":[{"count":0,"href":"https:\/\/www.gymnasium-schkeuditz.de\/index.php?rest_route=\/wp\/v2\/posts\/10506\/revisions"}],"wp:featuredmedia":[{"embeddable":true,"href":"https:\/\/www.gymnasium-schkeuditz.de\/index.php?rest_route=\/wp\/v2\/media\/10508"}],"wp:attachment":[{"href":"https:\/\/www.gymnasium-schkeuditz.de\/index.php?rest_route=%2Fwp%2Fv2%2Fmedia&parent=10506"}],"wp:term":[{"taxonomy":"category","embeddable":true,"href":"https:\/\/www.gymnasium-schkeuditz.de\/index.php?rest_route=%2Fwp%2Fv2%2Fcategories&post=10506"},{"taxonomy":"post_tag","embeddable":true,"href":"https:\/\/www.gymnasium-schkeuditz.de\/index.php?rest_route=%2Fwp%2Fv2%2Ftags&post=10506"}],"curies":[{"name":"wp","href":"https:\/\/api.w.org\/{rel}","templated":true}]}}