{"id":10261,"date":"2020-11-01T12:54:49","date_gmt":"2020-11-01T11:54:49","guid":{"rendered":"http:\/\/www.gymnasium-schkeuditz.de\/?p=10261"},"modified":"2020-11-01T12:54:49","modified_gmt":"2020-11-01T11:54:49","slug":"der-festakt-zum-neuen-schulnamen-maria-merian-gymnasium-schkeuditz","status":"publish","type":"post","link":"https:\/\/www.gymnasium-schkeuditz.de\/?p=10261","title":{"rendered":"Der Festakt zum neuen Schulnamen \u2013 Maria-Merian-Gymnasium Schkeuditz"},"content":{"rendered":"\n<p>Am Freitag, den 16. Oktober 2020, fand der Festakt zum neuen Schulnamen an unserem Gymnasium statt. Nach den vorgegebenen Hygienema\u00dfnahmen versammelte sich die ganze Schule nach dem zweiten Block auf dem Schulhof. Musik wurde gespielt und Reden wurden gehalten, doch alle warteten auf den Moment der Enth\u00fcllung des neuen Schildes, welches nun neben dem Haupteingang der Schule h\u00e4ngt. Darauf steht&nbsp;<em>Maria-Merian-Gymnasium Schkeuditz<\/em>, und unser neues Schullogo ist abgebildet. Danach wurden alle Sch\u00fcler in die ersehnten Herbstferien entlassen, doch f\u00fcr ausgew\u00e4hlte G\u00e4ste und die Lehrerschaft ging es in der Mensa mit dem zweiten Akt der Feier weiter. Mit Sekt stie\u00dfen alle auf den neuen Schulnamen an. Anschlie\u00dfend nahmen die G\u00e4ste Platz, und schon er\u00f6ffnete Frau Kastner als Moderatorin die Veranstaltung mit einer kleinen Ansprache. Es folgte ein kleines Geigen-Duett von Herrn Simoneit und Frau Wimmer, die ein St\u00fcck von Mozart spielten. Frau Niemann kam dann zu Wort und beschrieb den Weg der Namensfindung in Verbindung mit Maria Merians Leben. Sie erz\u00e4hlte dem Publikum auf eine bildhafte Weise Merians Geschichte und verband diese immer wieder mit dem Geschehen an unserer Schule. Genau wie bei Merian geht es in der Schule um das Lernen, Entdecken und Entfalten, was die Wissenschaftlerin ihr ganzes Leben lang verfolgte und versuchte nach au\u00dfen zu tragen. Maria Merian war eine Pers\u00f6nlichkeit, die mit Neugier und Staunen die Welt betrachtete und diese k\u00fcnstlerisch und wissenschaftlich einfing. Das sind Inhalte, die auch wir am Gymnasium Schkeuditz tagt\u00e4glich getan haben und weiterhin tun. Genau deshalb hei\u00dft unsere Schule nun&nbsp;<em>Maria-Merian-Gymnasium Schkeuditz<\/em>.&nbsp;<br>Nach Frau Niemanns Rede folgte der n\u00e4chste H\u00f6hepunkt. Die Lehrerband, bestehend aus acht Mitgliedern unseres Lehrerkollegiums, traten mit dem neu komponierten Schulsong auf. Das Gymnasium Schkeuditz hat nun nicht nur einen neuen Namen, sondern auch ein Lied, mit dem sich alle Sch\u00fcler und Lehrer identifizieren k\u00f6nnen. Begeisterung und beinahe Unglauben wanderten w\u00e4hrend des H\u00f6rens durch das Publikum, und lauter Applaus hallte durch den Raum, nachdem die letzten T\u00f6ne erklungen waren. Sofort wurde um eine Zugabe gebeten, und wir durften erneut die wundersch\u00f6ne, zeitlose, mitrei\u00dfende und auch ber\u00fchrende Melodie des neuen Songs genie\u00dfen.&nbsp;<br>Alle waren von der Gestaltung des Festaktes absolut begeistert. Beschwingt von den neuen Eindr\u00fccken und der Musik stie\u00dfen die G\u00e4ste noch einmal mit Sekt an und erfreuten sich an den H\u00e4ppchen, welche von der Klasse 12 vorbereitet worden waren.&nbsp;<\/p>\n\n\n\n<p>Nun hei\u00dft unser Gymnasium offiziell&nbsp;<em>Maria-Merian-Gymnasium Schkeuditz<\/em>. Dieser Name passt zu unserer Schule und wir sind alle gespannt, was noch an dieser Schule f\u00fcr au\u00dfergew\u00f6hnliche Dinge passieren werden.&nbsp;<\/p>\n\n\n\n<p>Hannah Steindorf, Klasse 10d<\/p>\n\n\n\n<ul class=\"wp-block-gallery columns-3 is-cropped wp-block-gallery-1 is-layout-flex wp-block-gallery-is-layout-flex\"><li class=\"blocks-gallery-item\"><figure><img loading=\"lazy\" decoding=\"async\" width=\"1024\" height=\"682\" src=\"https:\/\/www.gymnasium-schkeuditz.de\/wp-content\/uploads\/2020\/11\/IMG_2706-be.jpg\" alt=\"\" data-id=\"10268\" data-link=\"https:\/\/www.gymnasium-schkeuditz.de\/?attachment_id=10268\" class=\"wp-image-10268\" srcset=\"https:\/\/www.gymnasium-schkeuditz.de\/wp-content\/uploads\/2020\/11\/IMG_2706-be.jpg 1024w, https:\/\/www.gymnasium-schkeuditz.de\/wp-content\/uploads\/2020\/11\/IMG_2706-be-300x200.jpg 300w, https:\/\/www.gymnasium-schkeuditz.de\/wp-content\/uploads\/2020\/11\/IMG_2706-be-768x512.jpg 768w, https:\/\/www.gymnasium-schkeuditz.de\/wp-content\/uploads\/2020\/11\/IMG_2706-be-600x400.jpg 600w\" sizes=\"auto, (max-width: 1024px) 100vw, 1024px\" \/><\/figure><\/li><li class=\"blocks-gallery-item\"><figure><img loading=\"lazy\" decoding=\"async\" width=\"1024\" height=\"576\" src=\"https:\/\/www.gymnasium-schkeuditz.de\/wp-content\/uploads\/2020\/11\/IMG_2667.jpg\" alt=\"\" data-id=\"10262\" data-link=\"https:\/\/www.gymnasium-schkeuditz.de\/?attachment_id=10262\" class=\"wp-image-10262\" srcset=\"https:\/\/www.gymnasium-schkeuditz.de\/wp-content\/uploads\/2020\/11\/IMG_2667.jpg 1024w, https:\/\/www.gymnasium-schkeuditz.de\/wp-content\/uploads\/2020\/11\/IMG_2667-300x169.jpg 300w, https:\/\/www.gymnasium-schkeuditz.de\/wp-content\/uploads\/2020\/11\/IMG_2667-768x432.jpg 768w\" sizes=\"auto, (max-width: 1024px) 100vw, 1024px\" \/><\/figure><\/li><li class=\"blocks-gallery-item\"><figure><img loading=\"lazy\" decoding=\"async\" width=\"1024\" height=\"576\" src=\"https:\/\/www.gymnasium-schkeuditz.de\/wp-content\/uploads\/2020\/11\/IMG_2691.jpg\" alt=\"\" data-id=\"10264\" data-link=\"https:\/\/www.gymnasium-schkeuditz.de\/?attachment_id=10264\" class=\"wp-image-10264\" srcset=\"https:\/\/www.gymnasium-schkeuditz.de\/wp-content\/uploads\/2020\/11\/IMG_2691.jpg 1024w, https:\/\/www.gymnasium-schkeuditz.de\/wp-content\/uploads\/2020\/11\/IMG_2691-300x169.jpg 300w, https:\/\/www.gymnasium-schkeuditz.de\/wp-content\/uploads\/2020\/11\/IMG_2691-768x432.jpg 768w\" sizes=\"auto, (max-width: 1024px) 100vw, 1024px\" \/><\/figure><\/li><li class=\"blocks-gallery-item\"><figure><img loading=\"lazy\" decoding=\"async\" width=\"1024\" height=\"682\" src=\"https:\/\/www.gymnasium-schkeuditz.de\/wp-content\/uploads\/2020\/11\/IMG_2692.jpg\" alt=\"\" data-id=\"10265\" data-link=\"https:\/\/www.gymnasium-schkeuditz.de\/?attachment_id=10265\" class=\"wp-image-10265\" srcset=\"https:\/\/www.gymnasium-schkeuditz.de\/wp-content\/uploads\/2020\/11\/IMG_2692.jpg 1024w, https:\/\/www.gymnasium-schkeuditz.de\/wp-content\/uploads\/2020\/11\/IMG_2692-300x200.jpg 300w, https:\/\/www.gymnasium-schkeuditz.de\/wp-content\/uploads\/2020\/11\/IMG_2692-768x512.jpg 768w, https:\/\/www.gymnasium-schkeuditz.de\/wp-content\/uploads\/2020\/11\/IMG_2692-600x400.jpg 600w\" sizes=\"auto, (max-width: 1024px) 100vw, 1024px\" \/><\/figure><\/li><li class=\"blocks-gallery-item\"><figure><img loading=\"lazy\" decoding=\"async\" width=\"1024\" height=\"576\" src=\"https:\/\/www.gymnasium-schkeuditz.de\/wp-content\/uploads\/2020\/11\/IMG_2695.jpg\" alt=\"\" data-id=\"10266\" data-link=\"https:\/\/www.gymnasium-schkeuditz.de\/?attachment_id=10266\" class=\"wp-image-10266\" srcset=\"https:\/\/www.gymnasium-schkeuditz.de\/wp-content\/uploads\/2020\/11\/IMG_2695.jpg 1024w, https:\/\/www.gymnasium-schkeuditz.de\/wp-content\/uploads\/2020\/11\/IMG_2695-300x169.jpg 300w, https:\/\/www.gymnasium-schkeuditz.de\/wp-content\/uploads\/2020\/11\/IMG_2695-768x432.jpg 768w\" sizes=\"auto, (max-width: 1024px) 100vw, 1024px\" \/><\/figure><\/li><li class=\"blocks-gallery-item\"><figure><img loading=\"lazy\" decoding=\"async\" width=\"1024\" height=\"682\" src=\"https:\/\/www.gymnasium-schkeuditz.de\/wp-content\/uploads\/2020\/11\/IMG_2698.jpg\" alt=\"\" data-id=\"10267\" data-link=\"https:\/\/www.gymnasium-schkeuditz.de\/?attachment_id=10267\" class=\"wp-image-10267\" srcset=\"https:\/\/www.gymnasium-schkeuditz.de\/wp-content\/uploads\/2020\/11\/IMG_2698.jpg 1024w, https:\/\/www.gymnasium-schkeuditz.de\/wp-content\/uploads\/2020\/11\/IMG_2698-300x200.jpg 300w, https:\/\/www.gymnasium-schkeuditz.de\/wp-content\/uploads\/2020\/11\/IMG_2698-768x512.jpg 768w, https:\/\/www.gymnasium-schkeuditz.de\/wp-content\/uploads\/2020\/11\/IMG_2698-600x400.jpg 600w\" sizes=\"auto, (max-width: 1024px) 100vw, 1024px\" \/><\/figure><\/li><li class=\"blocks-gallery-item\"><figure><img loading=\"lazy\" decoding=\"async\" width=\"1024\" height=\"576\" src=\"https:\/\/www.gymnasium-schkeuditz.de\/wp-content\/uploads\/2020\/11\/IMG_2674.jpg\" alt=\"\" data-id=\"10263\" data-link=\"https:\/\/www.gymnasium-schkeuditz.de\/?attachment_id=10263\" class=\"wp-image-10263\" srcset=\"https:\/\/www.gymnasium-schkeuditz.de\/wp-content\/uploads\/2020\/11\/IMG_2674.jpg 1024w, https:\/\/www.gymnasium-schkeuditz.de\/wp-content\/uploads\/2020\/11\/IMG_2674-300x169.jpg 300w, https:\/\/www.gymnasium-schkeuditz.de\/wp-content\/uploads\/2020\/11\/IMG_2674-768x432.jpg 768w\" sizes=\"auto, (max-width: 1024px) 100vw, 1024px\" \/><\/figure><\/li><li class=\"blocks-gallery-item\"><figure><img loading=\"lazy\" decoding=\"async\" width=\"1024\" height=\"576\" src=\"https:\/\/www.gymnasium-schkeuditz.de\/wp-content\/uploads\/2020\/11\/Unbenanntes_Panorama1-2.jpg\" alt=\"\" data-id=\"10269\" data-link=\"https:\/\/www.gymnasium-schkeuditz.de\/?attachment_id=10269\" class=\"wp-image-10269\" srcset=\"https:\/\/www.gymnasium-schkeuditz.de\/wp-content\/uploads\/2020\/11\/Unbenanntes_Panorama1-2.jpg 1024w, https:\/\/www.gymnasium-schkeuditz.de\/wp-content\/uploads\/2020\/11\/Unbenanntes_Panorama1-2-300x169.jpg 300w, https:\/\/www.gymnasium-schkeuditz.de\/wp-content\/uploads\/2020\/11\/Unbenanntes_Panorama1-2-768x432.jpg 768w\" sizes=\"auto, (max-width: 1024px) 100vw, 1024px\" \/><\/figure><\/li><\/ul>\n","protected":false},"excerpt":{"rendered":"<p>Am Freitag, den 16. Oktober 2020, fand der Festakt zum neuen Schulnamen an unserem Gymnasium statt. Nach den vorgegebenen Hygienema\u00dfnahmen versammelte sich die ganze Schule nach dem zweiten Block auf dem Schulhof. Musik wurde gespielt und Reden wurden gehalten, doch alle warteten auf den Moment der Enth\u00fcllung des neuen Schildes, welches nun neben dem Haupteingang der Schule h\u00e4ngt. Darauf steht&nbsp;Maria-Merian-Gymnasium [&hellip;]<\/p>\n","protected":false},"author":2,"featured_media":10263,"comment_status":"closed","ping_status":"closed","sticky":false,"template":"","format":"standard","meta":{"footnotes":""},"categories":[1,7,18,26],"tags":[],"class_list":["post-10261","post","type-post","status-publish","format-standard","has-post-thumbnail","hentry","category-aktuelles","category-archiv","category-festetraditionen","category-schuljahr2020-21"],"_links":{"self":[{"href":"https:\/\/www.gymnasium-schkeuditz.de\/index.php?rest_route=\/wp\/v2\/posts\/10261","targetHints":{"allow":["GET"]}}],"collection":[{"href":"https:\/\/www.gymnasium-schkeuditz.de\/index.php?rest_route=\/wp\/v2\/posts"}],"about":[{"href":"https:\/\/www.gymnasium-schkeuditz.de\/index.php?rest_route=\/wp\/v2\/types\/post"}],"author":[{"embeddable":true,"href":"https:\/\/www.gymnasium-schkeuditz.de\/index.php?rest_route=\/wp\/v2\/users\/2"}],"replies":[{"embeddable":true,"href":"https:\/\/www.gymnasium-schkeuditz.de\/index.php?rest_route=%2Fwp%2Fv2%2Fcomments&post=10261"}],"version-history":[{"count":0,"href":"https:\/\/www.gymnasium-schkeuditz.de\/index.php?rest_route=\/wp\/v2\/posts\/10261\/revisions"}],"wp:featuredmedia":[{"embeddable":true,"href":"https:\/\/www.gymnasium-schkeuditz.de\/index.php?rest_route=\/wp\/v2\/media\/10263"}],"wp:attachment":[{"href":"https:\/\/www.gymnasium-schkeuditz.de\/index.php?rest_route=%2Fwp%2Fv2%2Fmedia&parent=10261"}],"wp:term":[{"taxonomy":"category","embeddable":true,"href":"https:\/\/www.gymnasium-schkeuditz.de\/index.php?rest_route=%2Fwp%2Fv2%2Fcategories&post=10261"},{"taxonomy":"post_tag","embeddable":true,"href":"https:\/\/www.gymnasium-schkeuditz.de\/index.php?rest_route=%2Fwp%2Fv2%2Ftags&post=10261"}],"curies":[{"name":"wp","href":"https:\/\/api.w.org\/{rel}","templated":true}]}}