{"id":10254,"date":"2020-10-17T15:50:07","date_gmt":"2020-10-17T13:50:07","guid":{"rendered":"http:\/\/www.gymnasium-schkeuditz.de\/?p=10254"},"modified":"2020-10-17T15:50:07","modified_gmt":"2020-10-17T13:50:07","slug":"maria-merian-auch-gesungen-ein-wohlklang","status":"publish","type":"post","link":"https:\/\/www.gymnasium-schkeuditz.de\/?p=10254","title":{"rendered":"Maria Merian &#8211; auch gesungen ein Wohlklang"},"content":{"rendered":"\n<p><\/p>\n\n\n\n<p>Dass es am Maria-Merian-Gymnasium eine aktive Lehrerband gibt, wei\u00df sp\u00e4testens seit der Distanzunterrichtszeit jeder, der das Leben an unserer Schule aufmerksam verfolgt.<em>\u00a0[<a href=\"https:\/\/www.gymnasium-schkeuditz.de\/2020\/04\/07\/wir-sehen-uns-wieder\/\">Corona-SONG]<\/a><\/em><\/p>\n\n\n\n<p>Die Sommerferien wurden von den Bandmitgliedern unter anderem dazu genutzt, f\u00fcr die bevorstehende Namensweihe unserer Schule eine passende und zeitgem\u00e4\u00dfe Musik zu schreiben. In vielen Stunden kreativer T\u00fcftelei ist so der Song \u201eMaria Merian\u201c entstanden, der am 16.10.2020 anl\u00e4sslich der offiziellen Einweihung Premiere feiern durfte.&nbsp;<\/p>\n\n\n\n<p>Die grundlegende Idee zum Song hatten Frau Wimmer, Musik- und Mathematiklehrerin, sowie Herr Liebig, derzeit Referendar am MMG.&nbsp;<\/p>\n\n\n\n<p>Die Musiklehrer Herr Gr\u00fcneberg und Herr Rudolph steuerten melodisches und formales Fachwissen bei, damit der Song ein echter Ohrwurm werden konnte.&nbsp;<\/p>\n\n\n\n<p>Seit den seligen Zeiten des schulischen \u201eGaudeamus igitur\u201c-Singens sind einige Jahr(zehnte) vergangen und so war es das Hauptanliegen, keinen ehrfurchtsvoll-hymnischen Jubelchor, sondern einen fr\u00f6hlich-sinnstiftenden Mitmach-SONG zu kreieren.<\/p>\n\n\n\n<p>Angelehnt an den grandiosen Synthiesound der 80er Jahre ist so ein zeitloser, aber modern klingender Song entstanden, der Sch\u00fclern und Lehrern gleicherma\u00dfen zur klanglichen Identifikation mit ihrer Schule dienen soll.&nbsp;<\/p>\n\n\n\n<p>Dabei kann die neue Schulhymne sowohl beim Klassenmusizieren als auch in verschiedenen Arrangements und Styles verwendet werden &#8211; aktuell plant die Lehrerband gemeinsam<\/p>\n\n\n\n<p>mit der Sch\u00fclerband eine Latin- und eine Rock-Variante.&nbsp;<\/p>\n\n\n\n<p>Etwas unorthodox, aber in Zeiten des Corona-bedingten Singeverbots nicht anders l\u00f6sbar, war die Tatsache, zun\u00e4chst eine Instrumentalversion des Schulsongs zu schaffen und aufzuf\u00fchren. Zur Ausarbeitung eines passenden Textes sind sehr gerne Ideen gefragt.&nbsp;<\/p>\n\n\n\n<p>Die Bands und Ch\u00f6re des Maria-Merian-Gymnasiums arbeiten nat\u00fcrlich auch in diesen Zeiten an neuen Projekten und hoffen sehr darauf, diese in absehbarer Zeit auch pr\u00e4sentieren zu k\u00f6nnen.&nbsp;<\/p>\n\n\n\n<p><em>Norman Gr\u00fcneberg, StR<\/em><\/p>\n\n\n\n<p><strong>Maria-Merian-Gymnasium Schkeuditz<\/strong><\/p>\n\n\n\n<figure class=\"wp-block-image\"><img decoding=\"async\" src=\"https:\/\/www.gymnasium-schkeuditz.de\/wp-content\/uploads\/2020\/10\/IMG-20201016-WA0001-1030x574.jpg\" alt=\"\" class=\"wp-image-10255\"\/><\/figure>\n","protected":false},"excerpt":{"rendered":"<p>Dass es am Maria-Merian-Gymnasium eine aktive Lehrerband gibt, wei\u00df sp\u00e4testens seit der Distanzunterrichtszeit jeder, der das Leben an unserer Schule aufmerksam verfolgt.\u00a0[Corona-SONG] Die Sommerferien wurden von den Bandmitgliedern unter anderem dazu genutzt, f\u00fcr die bevorstehende Namensweihe unserer Schule eine passende und zeitgem\u00e4\u00dfe Musik zu schreiben. In vielen Stunden kreativer T\u00fcftelei ist so der Song \u201eMaria Merian\u201c entstanden, der am 16.10.2020 [&hellip;]<\/p>\n","protected":false},"author":2,"featured_media":10257,"comment_status":"closed","ping_status":"closed","sticky":false,"template":"","format":"standard","meta":{"footnotes":""},"categories":[1,7,18,19,26],"tags":[],"class_list":["post-10254","post","type-post","status-publish","format-standard","has-post-thumbnail","hentry","category-aktuelles","category-archiv","category-festetraditionen","category-projekte","category-schuljahr2020-21"],"_links":{"self":[{"href":"https:\/\/www.gymnasium-schkeuditz.de\/index.php?rest_route=\/wp\/v2\/posts\/10254","targetHints":{"allow":["GET"]}}],"collection":[{"href":"https:\/\/www.gymnasium-schkeuditz.de\/index.php?rest_route=\/wp\/v2\/posts"}],"about":[{"href":"https:\/\/www.gymnasium-schkeuditz.de\/index.php?rest_route=\/wp\/v2\/types\/post"}],"author":[{"embeddable":true,"href":"https:\/\/www.gymnasium-schkeuditz.de\/index.php?rest_route=\/wp\/v2\/users\/2"}],"replies":[{"embeddable":true,"href":"https:\/\/www.gymnasium-schkeuditz.de\/index.php?rest_route=%2Fwp%2Fv2%2Fcomments&post=10254"}],"version-history":[{"count":0,"href":"https:\/\/www.gymnasium-schkeuditz.de\/index.php?rest_route=\/wp\/v2\/posts\/10254\/revisions"}],"wp:featuredmedia":[{"embeddable":true,"href":"https:\/\/www.gymnasium-schkeuditz.de\/index.php?rest_route=\/wp\/v2\/media\/10257"}],"wp:attachment":[{"href":"https:\/\/www.gymnasium-schkeuditz.de\/index.php?rest_route=%2Fwp%2Fv2%2Fmedia&parent=10254"}],"wp:term":[{"taxonomy":"category","embeddable":true,"href":"https:\/\/www.gymnasium-schkeuditz.de\/index.php?rest_route=%2Fwp%2Fv2%2Fcategories&post=10254"},{"taxonomy":"post_tag","embeddable":true,"href":"https:\/\/www.gymnasium-schkeuditz.de\/index.php?rest_route=%2Fwp%2Fv2%2Ftags&post=10254"}],"curies":[{"name":"wp","href":"https:\/\/api.w.org\/{rel}","templated":true}]}}