{"id":10226,"date":"2020-10-11T18:41:53","date_gmt":"2020-10-11T16:41:53","guid":{"rendered":"http:\/\/www.gymnasium-schkeuditz.de\/?p=10226"},"modified":"2020-10-11T18:41:53","modified_gmt":"2020-10-11T16:41:53","slug":"interview-mit-herrn-rudolph","status":"publish","type":"post","link":"https:\/\/www.gymnasium-schkeuditz.de\/?p=10226","title":{"rendered":"Interview mit Herrn Rudolph"},"content":{"rendered":"\n<p><br><\/p>\n\n\n\n<p><strong>Redaktion: <\/strong>Welche F\u00e4cher unterrichten Sie und warum haben Sie sich f\u00fcr genau diese F\u00e4cher entschieden?&nbsp;<\/p>\n\n\n\n<p><strong>Herr Rudolph: <\/strong>Ich unterrichte ja Musik und Geschichte. F\u00fcr Musik habe ich mich entschieden, weil ich das schon sehr lange mache und ich daran sehr viel Spa\u00df habe. Ich leite nebenbei auch noch zwei Ch\u00f6re und bin mit meiner Frau zusammen im Orchester. Wir machen ganz viel Musik und deswegen war es relativ klar, dass ich das auch noch einer neuen Generation weitergeben m\u00f6chte. Und Geschichte, weil es erstens super zu Musik passt und zweitens, weil ich es sehr wichtig finde, dass junge Menschen sich eine Meinung bilden k\u00f6nnen und zwar begr\u00fcndend und sich auch mit anderen Meinungen auseinandersetzten k\u00f6nnen.&nbsp;<\/p>\n\n\n\n<p><strong>Redaktion: <\/strong>Was an Ihrem Beruf gef\u00e4llt Ihnen am besten?&nbsp;<\/p>\n\n\n\n<p><strong>Herr Rudolph: <\/strong>Dass ich immer wieder wissbegierige Kinder vor mir habe und ich es sch\u00f6n finde, wenn man in den Augen der Kinder sehen kann, dass sie auf einmal einen Erkenntnisgewinn haben.&nbsp;<\/p>\n\n\n\n<p><strong>Redaktion: <\/strong>Haben Sie sich gut in die Rolle als Klassenleiter Ihrer 5. Klasse eingelebt?&nbsp;<\/p>\n\n\n\n<p><strong>Herr Rudolph: <\/strong>Ich glaube man w\u00e4chst mit seinen Aufgaben. Aber ja, es macht mir viel Spa\u00df eine engere Beziehung zu Sch\u00fclern zu bekommen, vor allem zu meiner eigenen Klasse, und ich freue mich darauf, sie bis zur 10. Klasse begleiten zu d\u00fcrfen.&nbsp;<\/p>\n\n\n\n<p><strong>Redaktion: <\/strong>Was machen Sie in Ihrer Freizeit?&nbsp;<\/p>\n\n\n\n<p><strong>Herr Rudolph: <\/strong>In meiner Freizeit steht meine Familie an erster Stelle. Meine Tochter und mein Sohn sind f\u00fcr mich ganz wichtig. Und nat\u00fcrlich ist Musik ein Teil unseres Lebens. Durch die Ch\u00f6re mache ich da sehr viel. Und ansonsten genie\u00dfe ich die Zeit im Garten.&nbsp;<\/p>\n\n\n\n<p><strong>Redaktion: <\/strong>Welche Instrumente spielen Sie?&nbsp;<\/p>\n\n\n\n<p><strong>Herr Rudolph: <\/strong>Ich spiele Klavier und Kontrabass und hab w\u00e4hrend meiner Studienzeit auch angefangen ein bisschen Schlagzeug zu spielen.&nbsp;<\/p>\n\n\n\n<p><strong>Redaktion: <\/strong>Welches war Ihr Lieblingsfach in der Schule und auf welches h\u00e4tten Sie auch gut und gerne verzichten k\u00f6nnen?&nbsp;<\/p>\n\n\n\n<p><strong>Herr Rudolph: <\/strong>Ich glaube mein Lieblingsfach war Geschichte gewesen. Ich war ja auf einer Spezialschule f\u00fcr Musik. Auf Chemie h\u00e4tte ich verzichten k\u00f6nnen (\u2026) Ich habe es bis heute nicht verstanden.&nbsp;<\/p>\n\n\n\n<p><strong>Redaktion: <\/strong>An welches Ereignis oder Erlebnis in Ihrem Leben denken Sie besonders gern zur\u00fcck?&nbsp;<\/p>\n\n\n\n<p><strong>Herr Rudolph: <\/strong>An die Geburt meines ersten Kindes.&nbsp;<\/p>\n\n\n\n<p><strong>Redaktion: <\/strong>Gibt es einen Ort, an den Sie unbedingt noch reisen wollen und warum?&nbsp;<\/p>\n\n\n\n<p><strong>Herr Rudolph: <\/strong>Ich m\u00f6chte unbedingt einmal in den Himalaya, um dort eine Trekking Tour zu machen und einfach diese monumentalen Berge sehen. Mein Onkel ist Bergsteiger und war dort schon ziemlich oft. Er hat dort auch schon einmal einen Berg bestiegen. Das w\u00fcrde ich auf jeden Fall gerne mal sehen wollen.&nbsp;<\/p>\n\n\n\n<p>Vielen lieben Dank noch einmal an Herrn Rudolph f\u00fcr dieses Interview!&nbsp;<\/p>\n\n\n\n<p>Rebecca Hensel, 10d&nbsp;<\/p>\n\n\n\n<figure class=\"wp-block-image\"><img decoding=\"async\" src=\"https:\/\/www.gymnasium-schkeuditz.de\/wp-content\/uploads\/2020\/10\/54BD61E1-11CA-485A-8A17-BB8ECB5DAF69-1030x773.jpeg\" alt=\"\" class=\"wp-image-10227\"\/><\/figure>\n\n\n\n<figure class=\"wp-block-image\"><img decoding=\"async\" src=\"https:\/\/www.gymnasium-schkeuditz.de\/wp-content\/uploads\/2020\/10\/Foto-Herr-Rudolph-Lehrerinterview-e1602434418454-773x1030.jpg\" alt=\"\" class=\"wp-image-10228\"\/><\/figure>\n","protected":false},"excerpt":{"rendered":"<p>Redaktion: Welche F\u00e4cher unterrichten Sie und warum haben Sie sich f\u00fcr genau diese F\u00e4cher entschieden?&nbsp; Herr Rudolph: Ich unterrichte ja Musik und Geschichte. F\u00fcr Musik habe ich mich entschieden, weil ich das schon sehr lange mache und ich daran sehr viel Spa\u00df habe. Ich leite nebenbei auch noch zwei Ch\u00f6re und bin mit meiner Frau zusammen im Orchester. Wir machen [&hellip;]<\/p>\n","protected":false},"author":2,"featured_media":10230,"comment_status":"closed","ping_status":"closed","sticky":false,"template":"","format":"standard","meta":{"footnotes":""},"categories":[1,7,11,26],"tags":[],"class_list":["post-10226","post","type-post","status-publish","format-standard","has-post-thumbnail","hentry","category-aktuelles","category-archiv","category-lehrerinterviews","category-schuljahr2020-21"],"_links":{"self":[{"href":"https:\/\/www.gymnasium-schkeuditz.de\/index.php?rest_route=\/wp\/v2\/posts\/10226","targetHints":{"allow":["GET"]}}],"collection":[{"href":"https:\/\/www.gymnasium-schkeuditz.de\/index.php?rest_route=\/wp\/v2\/posts"}],"about":[{"href":"https:\/\/www.gymnasium-schkeuditz.de\/index.php?rest_route=\/wp\/v2\/types\/post"}],"author":[{"embeddable":true,"href":"https:\/\/www.gymnasium-schkeuditz.de\/index.php?rest_route=\/wp\/v2\/users\/2"}],"replies":[{"embeddable":true,"href":"https:\/\/www.gymnasium-schkeuditz.de\/index.php?rest_route=%2Fwp%2Fv2%2Fcomments&post=10226"}],"version-history":[{"count":0,"href":"https:\/\/www.gymnasium-schkeuditz.de\/index.php?rest_route=\/wp\/v2\/posts\/10226\/revisions"}],"wp:featuredmedia":[{"embeddable":true,"href":"https:\/\/www.gymnasium-schkeuditz.de\/index.php?rest_route=\/wp\/v2\/media\/10230"}],"wp:attachment":[{"href":"https:\/\/www.gymnasium-schkeuditz.de\/index.php?rest_route=%2Fwp%2Fv2%2Fmedia&parent=10226"}],"wp:term":[{"taxonomy":"category","embeddable":true,"href":"https:\/\/www.gymnasium-schkeuditz.de\/index.php?rest_route=%2Fwp%2Fv2%2Fcategories&post=10226"},{"taxonomy":"post_tag","embeddable":true,"href":"https:\/\/www.gymnasium-schkeuditz.de\/index.php?rest_route=%2Fwp%2Fv2%2Ftags&post=10226"}],"curies":[{"name":"wp","href":"https:\/\/api.w.org\/{rel}","templated":true}]}}