{"id":10167,"date":"2020-09-01T20:53:57","date_gmt":"2020-09-01T18:53:57","guid":{"rendered":"http:\/\/www.gymnasium-schkeuditz.de\/?p=10167"},"modified":"2020-09-01T20:53:57","modified_gmt":"2020-09-01T18:53:57","slug":"ihr-seid-herzlich-willkommen-liebe-fuenftklaessler","status":"publish","type":"post","link":"https:\/\/www.gymnasium-schkeuditz.de\/?p=10167","title":{"rendered":"Ihr seid herzlich willkommen, liebe F\u00fcnftkl\u00e4ssler!"},"content":{"rendered":"\n<p>Die Schule hat wieder begonnen. Endlich!\u00a0<\/p>\n\n\n\n<p>Seit Montag lernen am Maria-Merian-Gymnasium Schkeuditz auch die Sch\u00fclerinnen und Sch\u00fcler der f\u00fcnf (!) neuen f\u00fcnften Klassen. Die Klassen 5a-e wurden von ihren Klassenleiterinnen und Klassenleitern Frau Eichst\u00e4dt, Frau Brandenburg, Frau Fix, Herrn Simoneit und Herrn Rudolph auf dem Schulhof freudig in Empfang genommen und durch den ersten Tag gef\u00fchrt.<\/p>\n\n\n\n<p>Wir hoffen, dass ihr euch schnell einlebt, euch wohlf\u00fchlt und<\/p>\n\n\n\n<p>VIEL FREUDE BEIM LERNEN habt!<\/p>\n\n\n\n<ul class=\"wp-block-gallery columns-2 is-cropped wp-block-gallery-1 is-layout-flex wp-block-gallery-is-layout-flex\"><li class=\"blocks-gallery-item\"><figure><img loading=\"lazy\" decoding=\"async\" width=\"800\" height=\"533\" src=\"https:\/\/www.gymnasium-schkeuditz.de\/wp-content\/uploads\/2020\/09\/IMG_2583.jpg\" alt=\"\" data-id=\"10171\" data-link=\"https:\/\/www.gymnasium-schkeuditz.de\/?attachment_id=10171\" class=\"wp-image-10171\" srcset=\"https:\/\/www.gymnasium-schkeuditz.de\/wp-content\/uploads\/2020\/09\/IMG_2583.jpg 800w, https:\/\/www.gymnasium-schkeuditz.de\/wp-content\/uploads\/2020\/09\/IMG_2583-300x200.jpg 300w, https:\/\/www.gymnasium-schkeuditz.de\/wp-content\/uploads\/2020\/09\/IMG_2583-768x512.jpg 768w, https:\/\/www.gymnasium-schkeuditz.de\/wp-content\/uploads\/2020\/09\/IMG_2583-600x400.jpg 600w\" sizes=\"auto, (max-width: 800px) 100vw, 800px\" \/><\/figure><\/li><li class=\"blocks-gallery-item\"><figure><img loading=\"lazy\" decoding=\"async\" width=\"800\" height=\"533\" src=\"https:\/\/www.gymnasium-schkeuditz.de\/wp-content\/uploads\/2020\/09\/IMG_2574.jpg\" alt=\"\" data-id=\"10170\" data-link=\"https:\/\/www.gymnasium-schkeuditz.de\/?attachment_id=10170\" class=\"wp-image-10170\" srcset=\"https:\/\/www.gymnasium-schkeuditz.de\/wp-content\/uploads\/2020\/09\/IMG_2574.jpg 800w, https:\/\/www.gymnasium-schkeuditz.de\/wp-content\/uploads\/2020\/09\/IMG_2574-300x200.jpg 300w, https:\/\/www.gymnasium-schkeuditz.de\/wp-content\/uploads\/2020\/09\/IMG_2574-768x512.jpg 768w, https:\/\/www.gymnasium-schkeuditz.de\/wp-content\/uploads\/2020\/09\/IMG_2574-600x400.jpg 600w\" sizes=\"auto, (max-width: 800px) 100vw, 800px\" \/><\/figure><\/li><li class=\"blocks-gallery-item\"><figure><img loading=\"lazy\" decoding=\"async\" width=\"800\" height=\"533\" src=\"https:\/\/www.gymnasium-schkeuditz.de\/wp-content\/uploads\/2020\/09\/IMG_2570.jpg\" alt=\"\" data-id=\"10169\" data-link=\"https:\/\/www.gymnasium-schkeuditz.de\/?attachment_id=10169\" class=\"wp-image-10169\" srcset=\"https:\/\/www.gymnasium-schkeuditz.de\/wp-content\/uploads\/2020\/09\/IMG_2570.jpg 800w, https:\/\/www.gymnasium-schkeuditz.de\/wp-content\/uploads\/2020\/09\/IMG_2570-300x200.jpg 300w, https:\/\/www.gymnasium-schkeuditz.de\/wp-content\/uploads\/2020\/09\/IMG_2570-768x512.jpg 768w, https:\/\/www.gymnasium-schkeuditz.de\/wp-content\/uploads\/2020\/09\/IMG_2570-600x400.jpg 600w\" sizes=\"auto, (max-width: 800px) 100vw, 800px\" \/><\/figure><\/li><li class=\"blocks-gallery-item\"><figure><img decoding=\"async\" src=\"https:\/\/www.gymnasium-schkeuditz.de\/wp-content\/uploads\/2020\/09\/20200831_082556-1030x773.jpg\" alt=\"\" data-id=\"10168\" data-link=\"https:\/\/www.gymnasium-schkeuditz.de\/?attachment_id=10168\" class=\"wp-image-10168\"\/><\/figure><\/li><\/ul>\n","protected":false},"excerpt":{"rendered":"<p>Die Schule hat wieder begonnen. Endlich!\u00a0 Seit Montag lernen am Maria-Merian-Gymnasium Schkeuditz auch die Sch\u00fclerinnen und Sch\u00fcler der f\u00fcnf (!) neuen f\u00fcnften Klassen. Die Klassen 5a-e wurden von ihren Klassenleiterinnen und Klassenleitern Frau Eichst\u00e4dt, Frau Brandenburg, Frau Fix, Herrn Simoneit und Herrn Rudolph auf dem Schulhof freudig in Empfang genommen und durch den ersten Tag gef\u00fchrt. Wir hoffen, dass ihr [&hellip;]<\/p>\n","protected":false},"author":2,"featured_media":10168,"comment_status":"closed","ping_status":"closed","sticky":false,"template":"","format":"standard","meta":{"footnotes":""},"categories":[1,7,18],"tags":[],"class_list":["post-10167","post","type-post","status-publish","format-standard","has-post-thumbnail","hentry","category-aktuelles","category-archiv","category-festetraditionen"],"_links":{"self":[{"href":"https:\/\/www.gymnasium-schkeuditz.de\/index.php?rest_route=\/wp\/v2\/posts\/10167","targetHints":{"allow":["GET"]}}],"collection":[{"href":"https:\/\/www.gymnasium-schkeuditz.de\/index.php?rest_route=\/wp\/v2\/posts"}],"about":[{"href":"https:\/\/www.gymnasium-schkeuditz.de\/index.php?rest_route=\/wp\/v2\/types\/post"}],"author":[{"embeddable":true,"href":"https:\/\/www.gymnasium-schkeuditz.de\/index.php?rest_route=\/wp\/v2\/users\/2"}],"replies":[{"embeddable":true,"href":"https:\/\/www.gymnasium-schkeuditz.de\/index.php?rest_route=%2Fwp%2Fv2%2Fcomments&post=10167"}],"version-history":[{"count":0,"href":"https:\/\/www.gymnasium-schkeuditz.de\/index.php?rest_route=\/wp\/v2\/posts\/10167\/revisions"}],"wp:featuredmedia":[{"embeddable":true,"href":"https:\/\/www.gymnasium-schkeuditz.de\/index.php?rest_route=\/wp\/v2\/media\/10168"}],"wp:attachment":[{"href":"https:\/\/www.gymnasium-schkeuditz.de\/index.php?rest_route=%2Fwp%2Fv2%2Fmedia&parent=10167"}],"wp:term":[{"taxonomy":"category","embeddable":true,"href":"https:\/\/www.gymnasium-schkeuditz.de\/index.php?rest_route=%2Fwp%2Fv2%2Fcategories&post=10167"},{"taxonomy":"post_tag","embeddable":true,"href":"https:\/\/www.gymnasium-schkeuditz.de\/index.php?rest_route=%2Fwp%2Fv2%2Ftags&post=10167"}],"curies":[{"name":"wp","href":"https:\/\/api.w.org\/{rel}","templated":true}]}}